{"id":3050,"date":"2020-09-25T21:41:03","date_gmt":"2020-09-25T21:41:03","guid":{"rendered":"http:\/\/mymobilebooster.com\/forum\/?p=3050"},"modified":"2020-09-21T12:33:09","modified_gmt":"2020-09-21T12:33:09","slug":"pascale-parent-rencontres","status":"publish","type":"post","link":"http:\/\/mymobilebooster.com\/forum\/2020\/09\/25\/pascale-parent-rencontres\/","title":{"rendered":"Pascale Parent Rencontres"},"content":{"rendered":"<p>Ici, nous voyons une pratique s\u00e9culaire supprim\u00e9e purement et simplement. Cette suppression, comme le dit bien Mgr Gromier, enl\u00e8ve tout le caract\u00e8re baptismal de ce jour et ne met laccent que sur la venue de lEsprit Saint. C\u00e9tait sans doute le but des membres de la Commission, insister sur le bapt\u00eame \u00e0 P\u00e2ques, et sur la confirmation \u00e0 la Pentec\u00f4te, \u00e0 travers le don de lEsprit Saint.   Explication. Autre usage des premiers chr\u00e9tiens \u00e9tabli par la m\u00eame raison : on ne faisait rien quen invoquant, suivant lavis de lAp\u00f4tre, le Nom admirable du Seigneur. Cette sainte pratique est venue jusqu\u00e0 nous ; mais la foi, la confiance, la puret\u00e9 de c\u0153ur qui laccompagnaient dans ces heureux temps y sont-elles aussi parvenues? Les sapeurs-pompiers sont mobilis\u00e9s sur le Rh\u00f4ne ce samedi en fin de journ\u00e9e. Non plus que trois incr\u00e9\u00e9s ni trois immenses, mais un seul incr\u00e9\u00e9 et un seul immense Cr\u00e9ations..la diversit\u00e9..et beaucoup dautres choses.. Voici ce que dit saint Thomas dAquin du symbole de saint Athanase dans sa Somme Th\u00e9ologique compos\u00e9e vers 1270 : S. Athanase navait pas compos\u00e9 un \u00e9claircissement de la foi par mani\u00e8re de symbole, mais plut\u00f4t par mani\u00e8re denseignement doctrinal, comme on le voit \u00e0 la fa\u00e7on dont il sexprime. Mais parce que son expos\u00e9 doctrinal contenait int\u00e9gralement en peu de mots la v\u00e9rit\u00e9 de foi, lautorit\u00e9 du Souverain Pontife la fait recevoir comme r\u00e8gle de foi. La Foi, question 1, article 10, paragraphe 3. Jaimerais vous dire que je suis tellement impressionn\u00e9 de voir la facilit\u00e9 avec lequel vous vivez votre quotidien quoique parfois cela ne doit pas \u00eatre toujours facile. Je vous f\u00e9licite et vous souhaite encore beaucoup de bonheurs et de courage pour continu\u00e9 \u00e0 faire ce quil y a de plus beaux et important dans votre vie, \u00eatre parents dune Belle et tr\u00e8s grande famille parfaitement adapt\u00e9 et laccueil tr\u00e8s chaleureux, merci Cet atelier Stop aux crises ma vraiment beaucoup apport\u00e9. Il permet de mieux appr\u00e9hender notre stress et le stress de nos enfants mais \u00e9galement les r\u00e9actions de nos enfants dune mani\u00e8re plus g\u00e9n\u00e9rale. Il nous fait nous poser des questions sur notre relation avec nos enfants mais toujours sans jugement et nous apporte des outils pour g\u00e9rer au mieux les situations qui nous posent probl\u00e8me au quotidien. Le Regroupement vise \u00e0 faciliter le partage dexpertises et soutenir la recherche de solutions. De plus, il d\u00e9sire pousser le d\u00e9veloppement de services dintervention. En effet, plusieurs outils y sont imagin\u00e9s afin de soutenir les CALACS. Sed necess\u00e1rium est ad \u00e6t\u00e9rnam sal\u00fatem, ut Incarnati\u00f3nem quoque D\u00f3mini nostri Iesu Christi fid\u00e9liter credat. Les victimes qui vont jusquau bout, comme Pascale Parent, demeurent rares. Sur les 54 personnes aid\u00e9es par le CALACS lan dernier, seulement 5 ont port\u00e9 plainte \u00e0 la police. Les principes de l\u00e9galit\u00e9, du contradictoire, de la proportionnalit\u00e9 et de lindividualisation sappliquent \u00e0 toute proc\u00e9dure.  <img decoding=\"async\" src=\"http:\/\/s3-us-west-2.amazonaws.com\/uw-s3-cdn\/wp-content\/uploads\/sites\/81\/2018\/09\/07134319\/life-sciences-building-377x160.jpg\" alt=\"pascale parent rencontres\" align=\"left\"> <img decoding=\"async\" src=\"http:\/\/realisatrices-equitables.com\/wp-content\/uploads\/2016\/02\/photo-portrait-pascale-ferland-anna-lupien-2014.jpg\" alt=\"pascale parent rencontres\" align=\"left\"> <img decoding=\"async\" src=\"http:\/\/blog.cinemadureel.org\/wp-content\/uploads\/2018\/02\/Broadway-by-Light2.png\" alt=\"pascale parent rencontres\" align=\"right\"> Merci a vous 4 car vous nous avez fait d\u00e9couvrir les Abattoirs. La Symphonie Pastorale de Ludwig van Beethoven et LApprenti Sorcier de Paul Dukas par lOrchestre Impromptu Procession de sortie : Beata nobis gaudia, hymne de la Pentec\u00f4te, \u00e0 laudes texte de saint Hilaire de Poitiers 367, p\u00e8re et docteur de lEglise plain-chant parisien du XVII \u00e8me si\u00e8cle.<\/p>\n","protected":false},"excerpt":{"rendered":"<p>pascale parent rencontres<\/p>\n","protected":false},"author":1,"featured_media":0,"comment_status":"closed","ping_status":"closed","sticky":false,"template":"","format":"standard","meta":{"footnotes":""},"categories":[1],"tags":[],"_links":{"self":[{"href":"http:\/\/mymobilebooster.com\/forum\/wp-json\/wp\/v2\/posts\/3050"}],"collection":[{"href":"http:\/\/mymobilebooster.com\/forum\/wp-json\/wp\/v2\/posts"}],"about":[{"href":"http:\/\/mymobilebooster.com\/forum\/wp-json\/wp\/v2\/types\/post"}],"author":[{"embeddable":true,"href":"http:\/\/mymobilebooster.com\/forum\/wp-json\/wp\/v2\/users\/1"}],"replies":[{"embeddable":true,"href":"http:\/\/mymobilebooster.com\/forum\/wp-json\/wp\/v2\/comments?post=3050"}],"version-history":[{"count":1,"href":"http:\/\/mymobilebooster.com\/forum\/wp-json\/wp\/v2\/posts\/3050\/revisions"}],"predecessor-version":[{"id":3051,"href":"http:\/\/mymobilebooster.com\/forum\/wp-json\/wp\/v2\/posts\/3050\/revisions\/3051"}],"wp:attachment":[{"href":"http:\/\/mymobilebooster.com\/forum\/wp-json\/wp\/v2\/media?parent=3050"}],"wp:term":[{"taxonomy":"category","embeddable":true,"href":"http:\/\/mymobilebooster.com\/forum\/wp-json\/wp\/v2\/categories?post=3050"},{"taxonomy":"post_tag","embeddable":true,"href":"http:\/\/mymobilebooster.com\/forum\/wp-json\/wp\/v2\/tags?post=3050"}],"curies":[{"name":"wp","href":"https:\/\/api.w.org\/{rel}","templated":true}]}}