{"id":3080,"date":"2020-09-25T00:33:02","date_gmt":"2020-09-25T00:33:02","guid":{"rendered":"http:\/\/mymobilebooster.com\/forum\/?p=3080"},"modified":"2020-09-21T13:17:13","modified_gmt":"2020-09-21T13:17:13","slug":"rencontres-musicales-de-vezelay-2010","status":"publish","type":"post","link":"http:\/\/mymobilebooster.com\/forum\/2020\/09\/25\/rencontres-musicales-de-vezelay-2010\/","title":{"rendered":"Rencontres Musicales De V\u00e9zelay 2010"},"content":{"rendered":"<p> La venue \u00e0 Paris dun orchestre nord-am\u00e9ricain constitue toujours un \u00e9v\u00e9nement. Plus encore, sans doute, lorsquil sagit du New York Philharmonic. Surtout en ces temps de crise \u00e9conomique qui occasionnent l..  A Tournus, dans notre belle r\u00e9gion de Bourgogne ou se situe nos chambres dh\u00f4tes de charme, on f\u00eate cette ann\u00e9e les 1000 ans de l\u00e9glise Saint Philibert, chef d\u0153uvre de sur lEmpire ottoman, les massacres et les Arm\u00e9niens he makes a name for himself in the Pari si a n musical s c ene after sev er a l encounters. <img decoding=\"async\" src=\"http:\/\/manek.fr\/wp-content\/uploads\/2016\/07\/Capture-d%E2%80%99%C3%A9cran-2016-07-28-%C3%A0-22.25.58.png\" alt=\"rencontres musicales de v\u00e9zelay 2010\" align=\"right\"> <img decoding=\"async\" src=\"http:\/\/www.philapostel.net\/ppo\/etudes\/LBUC\/regions\/2011000105_lg9.jpg\" alt=\"rencontres musicales de v\u00e9zelay 2010\" align=\"right\">  Il est conseiller artistique et historique des Lisztomanias de Ch\u00e2teauroux et musicologue associ\u00e9 aux Rencontres musicales de V\u00e9zelay. Janvier 2015 1 2 3 4 Casino: D\u00e9jeuner dansant au restaurant avec Jean et Isabelle Muller 5 6 7 8 9 10 Conseil Municipal 18h00 V\u0153ux du maire Clocheton : USB Casino: Soir\u00e9e choucroute avec le groupe Holatrio En 2013, le nombre total de logements dans la commune \u00e9tait de 292, alors quil \u00e9tait de 300 en 2008. De grands \u00e9crivains du XX e si\u00e8cle, comme, ou, ont habit\u00e9 sur la colline inspir\u00e9e. Cl\u00e9mentine Bourgoin commence par apprendre le violoncelle, puis \u00e9tudie le chant au Conservatoire de Grenoble C.R.R dans la classe de C\u00e9cile Fournier. Elle obtient son Dipl\u00f4me d\u00e9tudes musicales, ainsi quune Licence de musicologie et part compl\u00e9ter sa formation \u00e0 Paris. Elle suit le cours de th\u00e9\u00e2tre lyrique de Jo\u00eblle Vautier, et d\u00e9croche une premi\u00e8re m\u00e9daille mention tr\u00e8s bien \u00e0 lunanimit\u00e9 avec f\u00e9licitations du jury. Elle \u00e9tudie aussi la M\u00e9lodie et le Lied dans la classe de Fran\u00e7oise Tillard, ainsi qu\u00e0 lAcad\u00e9mie Poulenc avec Fran\u00e7ois Leroux et Jeff Cohen. Site de lAssociation des Amis de Max-Pol Fouchet : Si vous d\u00e9sactivez ce cookie, nous ne pourrons pas enregistrer vos pr\u00e9f\u00e9rences. Cela signifie que chaque fois que vous visitez ce site, vous devrez activer ou d\u00e9sactiver \u00e0 nouveau les cookies. Violoniste, dipl\u00f4m\u00e9e du Centre de formation des journalistes professionnels CFPJ de Paris, Suzanne Gervais est journaliste chef de rubrique \u00e0 La Lettre du Musicien. Elle est \u00e9galement chroniqueuse \u00e0 la matinale de France Musique, o\u00f9 elle suit chaque matin lactualit\u00e9 num\u00e9rique Musique connect\u00e9e, tous les jours \u00e0 8h15. 2017 : Libert\u00e9, l\u00e9gitimit\u00e9 et autorit\u00e9 : quelques r\u00e9flexions sur la pratique pianistique de Franz Liszt et linterpr\u00e9tation de ses \u0153uvres, Les chemins de la cr\u00e9ation, \u00e9d. Catherine Douzou et Vincent Cotro, Paris, Kim\u00e9, 2017, p 171-192. Unforgettable and un iq u e musical encounters f o r over 30 years. Venez voir nos NOUVELLES Machines MARDI 14 AVRIL jeudi 16 avril Th\u00e9 dansant Organis\u00e9 par l association de Diamond s Club Renseignements et r\u00e9servations : 06 20 60 08 56 02 31 88 81 06 jeudi 21 mai 14h30 termin\u00e9e et r\u00e9ussie, vous recevrez automatiquement votre re\u00e7u fiscal si Festival dAutomne \u00e0 Paris Op\u00e9ra national de Paris, Amphith\u00e9\u00e2tre Bastille 2004 : Documenti darchivio : i Piccini in Francia avec J\u00e9r\u00e9mie Crublet et Sylvain Samson, Niccol\u00f2 Piccini musicista europeo. Atti del Convegno Internazionale di Studi Bari, 28-30 settembre 2000, dir. Alessandro di Profio et Mariagrazia Melucci, Maria Adda Editore, Bari, 2004, p 321-330. Cest de notre Bourgogne natale que nous vous proposons lessentiel des produits disponibles sur ce site. Amoureux des bonnes choses, nous souhaitons vous faire partager notre plaisir \u00e0 d\u00e9guster ces p.. <img decoding=\"async\" src=\"http:\/\/www.masssagen.ga\/sites\/default\/files\/smc_17-18_app_bann_1170x390.jpg\" alt=\"rencontres musicales de v\u00e9zelay 2010\" align=\"center\"> Il aussi collabor\u00e9 avec lInstitut fran\u00e7ais de J\u00e9rusalem, le Conservatoire national Edward Sa\u00efd de Palestine J\u00e9rusalem, Ramallah, Bethlehem et le choeur denfants Amwaj Bethlehem, H\u00e9bron. DATE LIEU INTITULE ET DESCRIPTIF DU PROJET ORGANISATEURS COMMENTAIRES 10 Saint-Deux rencontres avec l \u00e9crivraine Marie Darrieussecq \u00e0 la biblioth\u00e8que Maiakovski et \u00e0, Biblioth\u00e8que-1109 Maiakovski 1009 L Italienne \u00e0 Alger Op\u00e9ra de Gioacchino Rossini et livret dangelo Anneli L Op\u00e9ra De Quartier Le chef d \u0153uvre de Rossini en op\u00e9ra de poche pour 10 chanteurs et 3 musiciens. Nous proposons une forme l\u00e9g\u00e8re A l occasion des 20 ans de l a mar\u00e9e noire, les enfants du coll\u00e8ge..<\/p>\n","protected":false},"excerpt":{"rendered":"<p>rencontres musicales de v\u00e9zelay 2010<\/p>\n","protected":false},"author":1,"featured_media":0,"comment_status":"closed","ping_status":"closed","sticky":false,"template":"","format":"standard","meta":{"footnotes":""},"categories":[1],"tags":[],"_links":{"self":[{"href":"http:\/\/mymobilebooster.com\/forum\/wp-json\/wp\/v2\/posts\/3080"}],"collection":[{"href":"http:\/\/mymobilebooster.com\/forum\/wp-json\/wp\/v2\/posts"}],"about":[{"href":"http:\/\/mymobilebooster.com\/forum\/wp-json\/wp\/v2\/types\/post"}],"author":[{"embeddable":true,"href":"http:\/\/mymobilebooster.com\/forum\/wp-json\/wp\/v2\/users\/1"}],"replies":[{"embeddable":true,"href":"http:\/\/mymobilebooster.com\/forum\/wp-json\/wp\/v2\/comments?post=3080"}],"version-history":[{"count":1,"href":"http:\/\/mymobilebooster.com\/forum\/wp-json\/wp\/v2\/posts\/3080\/revisions"}],"predecessor-version":[{"id":3081,"href":"http:\/\/mymobilebooster.com\/forum\/wp-json\/wp\/v2\/posts\/3080\/revisions\/3081"}],"wp:attachment":[{"href":"http:\/\/mymobilebooster.com\/forum\/wp-json\/wp\/v2\/media?parent=3080"}],"wp:term":[{"taxonomy":"category","embeddable":true,"href":"http:\/\/mymobilebooster.com\/forum\/wp-json\/wp\/v2\/categories?post=3080"},{"taxonomy":"post_tag","embeddable":true,"href":"http:\/\/mymobilebooster.com\/forum\/wp-json\/wp\/v2\/tags?post=3080"}],"curies":[{"name":"wp","href":"https:\/\/api.w.org\/{rel}","templated":true}]}}