{"id":3308,"date":"2020-09-26T23:59:19","date_gmt":"2020-09-26T23:59:19","guid":{"rendered":"http:\/\/mymobilebooster.com\/forum\/?p=3308"},"modified":"2020-09-21T20:58:42","modified_gmt":"2020-09-21T20:58:42","slug":"rencontres-internationales-chartres","status":"publish","type":"post","link":"http:\/\/mymobilebooster.com\/forum\/2020\/09\/26\/rencontres-internationales-chartres\/","title":{"rendered":"Rencontres Internationales Chartres"},"content":{"rendered":"<p>Rencontre autour des fun\u00e9railles. Des os et des larmes : pr\u00e9parer les corps, pleurer et honorer les morts Lexposition temporaire est enrichie de nombreux documents et objets issus de collections priv\u00e9es, ainsi que des panneaux de d\u00e9cor en mosa\u00efque commerces, bureaux de poste, piscines., des films et la reconstitution dun v\u00e9ritable atelier. Speed Dating Soir\u00e9es Rencontres entre C\u00e9libataires \u00e0 Chartres et en Eure-et-Loir 28-Rencontres C\u00e9libataires Chartres 28-LESPEEDDATING.com RT : Le mouvement Emma\u00fcs repose beaucoup sur lactivit\u00e9 \u00e9conomique. Pour \u00eatre encore pr\u00e9sent Il y a via&#8211; Lartiste mosa\u00efste G\u00e9rard Brand pr\u00e9pare une importante exposition qui se tiendra pendant les mois de juillet et ao\u00fbt 2011, au Mus\u00e9e Paul Charnoz et \u00e0 la chapelle St Roch \u00e0 Paray-le-Monial. L atelier de mosa\u00efque de Ploumagoar dirig\u00e9 par Magali Delmond Blanchaert, expose ses cr\u00e9ations \u00e0 Ploumagoar du 20 au 25 juin 2014. <img decoding=\"async\" src=\"http:\/\/more.wfcrimewatch.com\/upload\/podcasts\/photos\/first\/5b11611eca0721.60544564_mini.jpg\" alt=\"rencontres internationales chartres\" align=\"center\"> Portes ouvertes de latelier Sandrine FARGETsamedi 11 et dimanche 12 F\u00e9vrier 2012. Autoplay When autoplay is enabled, a suggested video will automatically play next.  Au c\u0153ur du vignoble, proche de la mer et \u00e0 proximit\u00e9 du lac de Grand Lieu, Bouaye est une ville dynamique dont plus dun tiers de la population a moins de 25 ans.  M. Eric V. DIssy les Moulineaux, pour l\u0153uvre dAlmuth Sch\u00f6ps du samedi 27 septembre 2014 au dimanche 28 septembre 2014 Charles-\u00c9loi Vial est archiviste pal\u00e9ographe prom. 2011, conservateur des biblioth\u00e8ques et depuis 2012 en poste au d\u00e9partement des manuscrits de la BnF, Chartres Rencontres Internationales recognition-products.at  La galerie dart Johannes Lucas \u00e0 Los Angeles \u00c9tats-Unis accueillera lexposition Fine arts mosaic portraits of animals and humans avec les mosa\u00efques de Mireille Swinnen du 24 janvier au 28 f\u00e9vrier 2013. <img decoding=\"async\" src=\"http:\/\/p5.storage.canalblog.com\/55\/65\/517503\/31862983.jpg\" alt=\"rencontres internationales chartres\" align=\"left\"> L\u00e9volution constante des m\u00e9tiers et de lenvironnement r\u00e9glementaire rend n\u00e9cessaire une mise \u00e0 jour continue du contenu. La Vaucelloise-G\u00eete Chambre dh\u00f4tes \u00e0 Migni\u00e8res pr\u00e8s de Chartres en Eure et Loir 28 lexposition Par quatre chemins, avec les cr\u00e9ations de Jo\u00ebl Barguil, Aude Fourrier, Enzo Tinarelli, Dugald MacInne s, \u00e0 la Tour St Nicolas du 9 juillet au 13 septembre 2016. Service indisponible, veuillez essayer ult\u00e9rieurement. On la doit \u00e0 la maison Picassiette et \u00e0 l association 3R <img decoding=\"async\" src=\"http:\/\/www.ihes.fr\/~duminil\/images\/c.png\" alt=\"rencontres internationales chartres\" align=\"left\">.<\/p>\n","protected":false},"excerpt":{"rendered":"<p>rencontres internationales chartres<\/p>\n","protected":false},"author":1,"featured_media":0,"comment_status":"closed","ping_status":"closed","sticky":false,"template":"","format":"standard","meta":{"footnotes":""},"categories":[1],"tags":[],"_links":{"self":[{"href":"http:\/\/mymobilebooster.com\/forum\/wp-json\/wp\/v2\/posts\/3308"}],"collection":[{"href":"http:\/\/mymobilebooster.com\/forum\/wp-json\/wp\/v2\/posts"}],"about":[{"href":"http:\/\/mymobilebooster.com\/forum\/wp-json\/wp\/v2\/types\/post"}],"author":[{"embeddable":true,"href":"http:\/\/mymobilebooster.com\/forum\/wp-json\/wp\/v2\/users\/1"}],"replies":[{"embeddable":true,"href":"http:\/\/mymobilebooster.com\/forum\/wp-json\/wp\/v2\/comments?post=3308"}],"version-history":[{"count":1,"href":"http:\/\/mymobilebooster.com\/forum\/wp-json\/wp\/v2\/posts\/3308\/revisions"}],"predecessor-version":[{"id":3309,"href":"http:\/\/mymobilebooster.com\/forum\/wp-json\/wp\/v2\/posts\/3308\/revisions\/3309"}],"wp:attachment":[{"href":"http:\/\/mymobilebooster.com\/forum\/wp-json\/wp\/v2\/media?parent=3308"}],"wp:term":[{"taxonomy":"category","embeddable":true,"href":"http:\/\/mymobilebooster.com\/forum\/wp-json\/wp\/v2\/categories?post=3308"},{"taxonomy":"post_tag","embeddable":true,"href":"http:\/\/mymobilebooster.com\/forum\/wp-json\/wp\/v2\/tags?post=3308"}],"curies":[{"name":"wp","href":"https:\/\/api.w.org\/{rel}","templated":true}]}}