{"id":3398,"date":"2020-09-26T20:28:27","date_gmt":"2020-09-26T20:28:27","guid":{"rendered":"http:\/\/mymobilebooster.com\/forum\/?p=3398"},"modified":"2020-09-22T00:01:51","modified_gmt":"2020-09-22T00:01:51","slug":"rencontres-interprofessionnelles-du-patrimoine-2014","status":"publish","type":"post","link":"http:\/\/mymobilebooster.com\/forum\/2020\/09\/26\/rencontres-interprofessionnelles-du-patrimoine-2014\/","title":{"rendered":"Rencontres Interprofessionnelles Du Patrimoine 2014"},"content":{"rendered":"<p>Article 1-Il est cr\u00e9\u00e9 \u00e0 titre exp\u00e9rimental dans le dipl\u00f4me du baccalaur\u00e9at professionnel une unit\u00e9 facultative mobilit\u00e9 validant les r\u00e9sultats dune p\u00e9riode de formation effectu\u00e9e dans un \u00c9tat membre de lUnion europ\u00e9enne, de lEspace \u00e9conomique europ\u00e9en ou de lAssociation europ\u00e9enne de libre \u00e9change, dans le cadre de la pr\u00e9paration \u00e0 ce dipl\u00f4me. Fidroit organise son traditionnel Colloque annuel le 6 juin prochain \u00e0 la Seine Musicale \u00e0 Paris.-d\u00e9crire la structure daccueil, en termes de situation g\u00e9ographique, statut, taille, organisation, objet et activit\u00e9s, principaux indicateurs de performance ; Ch\u00e2tillon sur Seine : Mus\u00e9e du Pays Ch\u00e2tillonnais Tr\u00e9sor de Vix La 9e \u00e9dition des Journ\u00e9es de ling\u00e9nierie patrimoniale se d\u00e9roulera du 6 au 7 f\u00e9vrier 2020. Linscription est obligatoire avant le 5 f\u00e9vrier. Comptoir par CPR \u0153uvrent pour apporter aux conseillers en Le Gouvernement ayant lintention de modifier par un autre vecteur l\u00e9gislatif les modalit\u00e9s de gestion du Fonds europ\u00e9en agricole pour le d\u00e9veloppement rural, lhabilitation lui permettra de prolonger et adapter la d\u00e9l\u00e9gation de gestion aux r\u00e9gions pour tout ou partie des fonds europ\u00e9ens concern\u00e9s sans quil soit n\u00e9cessaire de les \u00e9num\u00e9rer dans le projet de loi. Il nest pas non plus n\u00e9cessaire de pr\u00e9ciser dans le projet que la prolongation de la d\u00e9l\u00e9gation de gestion porte sur la p\u00e9riode 2021-2027, sachant au demeurant que cette p\u00e9riode est en principe celle du futur cadre financier pluriannuel 2021-2027 de lUnion europ\u00e9enne et que la p\u00e9riode 2014-2020 mentionn\u00e9e par larticle 78 de la loi du 27 janvier 2014 se r\u00e9f\u00e8re au cadre financier pluriannuel 2014-2020.-29 novembre 2013, Palais des congr\u00e8s B\u00e9ziers, AG CAPEB 34. EFE organise une matin\u00e9e de formation sur ce th\u00e8me, le 4 d\u00e9cembre..-17 septembre 2009 au Lyc\u00e9e Victor Hugo de Lunel, reunion dinformation sur le B\u00e9ton Pr\u00eat \u00e0 lEmploi en maison individuelle et en petit collectif organis\u00e9e par le Syndicat National du B\u00e9ton pr\u00eat \u00e0 lEmploi, en partenariat avec le SNPB, le SYNAD et CIMb\u00e9ton. Au programme, conf\u00e9rence sur le th\u00e8me de la construction durable en b\u00e9ton pr\u00eat \u00e0 lemploi d\u00e9m\u00e9arche HQE, b\u00e2timent basse consommation en BPE confort thermique et accoustique et les solutions constructives innovantes. Une visite de ce lyc\u00e9e inscrit dans une d\u00e9marche HQE est organis\u00e9e avec participation de larchitecte Pierre Tourre. Contact  Le 8 mars : les Assises de la CNCEF et de la CNCIF Plus de 2 500 personnes sont ainsi attendues les 8 et 9 d\u00e9cembre prochains au palais des congr\u00e8s de la Porte Maillot, \u00e0 Paris. <img decoding=\"async\" src=\"http:\/\/docplayer.fr\/docs-images\/41\/1545836\/images\/page_8.jpg\" alt=\"rencontres interprofessionnelles du patrimoine 2014\" align=\"right\"> Vous pouvez consulter ici la liste de nos publications et de nos interventions. ANACOFI IOBSP ANACOFI IOBSP  B\u00e9atrice Beillard, restauratrice des mus\u00e9es de France sp\u00e9cialiste des \u00e9maux ; De leur c\u00f4t\u00e9, les professionnels du patrimoine et de la m\u00e9diation sinterrogent \u00e9galement, lors de rencontres, sur les dispositifs participatifs quils d\u00e9veloppent. Ces \u00e9v\u00e9nements sont loccasion de questionner les diff\u00e9rentes missions des institutions patrimoniales ainsi que leur fonctionnement, aspects interrog\u00e9s par larriv\u00e9e du num\u00e9rique et des injonctions participatives, et de se positionner de mani\u00e8re r\u00e9flexive par rapport \u00e0 certaines probl\u00e9matiques. Ainsi, ces professionnels sinterrogent tout dabord sur la conservation et la connaissance du patrimoine, et notamment la longue histoire de la participation dans le domaine du patrimoine, et les modalit\u00e9s de la participation dans la co-construction et la pr\u00e9sentation de collections et fonds et dans lenrichissement collaboratif des donn\u00e9es patrimoniales. Dautres questions sont relatives \u00e0 la m\u00e9diation, comme ling\u00e9nierie et la mise en \u0153uvre de la participation, ou encore la p\u00e9dagogie \u00e9ducative. Certains ont plus particuli\u00e8rement r\u00e9fl\u00e9chi aux motivations des publics \u00e0 participer Bouy\u00e9, 2012. Elles abordent \u00e9galement des dimensions plus organisationnelles telles que limportance du num\u00e9rique dans les institutions culturelles, des community managers au sein des institutions, des collaborations entre institutions, ou les usages et besoins des institutions Moirez, 2013. Enfin \u00e9mergent des questions relatives aux liens entre tourisme, attractivit\u00e9 des territoires et dispositifs num\u00e9riques participatifs. Certains sous-traitent les r\u00e9ponses aux besoins exprim\u00e9s par les clients. Sans \u00e9tat d\u00e2me, ils acceptent que la r\u00e9solution du cas pos\u00e9 par leurs clients n\u00e9cessite des comp\u00e9tences ext\u00e9rieures. Ils ne sen cachent pas \u00e0 leurs clients. Dautant moins quils vont transmettre le t\u00e9moin \u00e0 un autre, davantage susceptible queux dassurer la satisfaction des clients. Ils escomptent par devers cette entremise la reconnaissance de leurs clients, davoir su cr\u00e9er un environnement favorable \u00e0 leurs int\u00e9r\u00eats patrimoniaux. Voici les temps forts dans le calendrier des \u00e9v\u00e8nements initi\u00e9s les partenaires de la Cellule \u00c9conomique BTP LR : <img decoding=\"async\" src=\"http:\/\/www.life.alwaysgreatsmile.com\/wp-content\/uploads\/2018\/08\/06-08-18-Summer_Festival_18-485x300.jpg\" alt=\"rencontres interprofessionnelles du patrimoine 2014\" align=\"left\">  La fabrique du patrimoine \u00e9crit Objets, acteurs, usages sociaux Cet e-mail est prot\u00e9g\u00e9 contre les robots collecteurs de mails, votre navigateur doit accepter le Javascript pour le voir A Paris, \u00e0 lInstitut National du Patrimoine INP sur la th\u00e9matique Collections de mus\u00e9ums, \u00e9thique et d\u00e9veloppement durable octobre 2014 Avec Emmanuel Hondr\u00e9 Directeur de la programmation de la Philharmonie de Paris, Astrid Pernille Hartmann Pr\u00e9sidente de Kvast, association des compositrices su\u00e9doises, Lucie Leguay Chef dorchestre, Agn\u00e8s Saal Haut fonctionnaire \u00e0 l\u00e9galit\u00e9 et \u00e0 la diversit\u00e9 du minist\u00e8re de la Culture. Cette construction a la particularit\u00e9 d\u00eatre r\u00e9alis\u00e9e en ossature bois panneaux de grande taille r\u00e9alis\u00e9s en usine \u00e0 Chevilly au Nord dOrl\u00e9ans sur sous-sol b\u00e9ton. La mise en place de puits canadiens hydrauliques, dune VMC double flux, dune toiture v\u00e9g\u00e9talis\u00e9e et dune isolation renforc\u00e9e permettra de d\u00e9passer de 20 les normes de la r\u00e9glementation thermique 2012 en vigueur et donc de limiter la consommation du chauffage au gaz. Mercredi 14 d\u00e9cembre de 14h30 \u00e0 16h, salle de r\u00e9union \u00e0 c\u00f4t\u00e9 du BIJ Les fiches d\u00e9valuation ont \u00e9t\u00e9 tr\u00e8s positives, et nous avons constat\u00e9 votre int\u00e9r\u00eat pour le sujet au vu des interventions Questions r\u00e9ponses. Donc f\u00e9licitations \u00e0 toutes et tous pour votre motivation, cela nous encourage \u00e0 aller de lavant et vous apporter encore plus. <img decoding=\"async\" src=\"http:\/\/p.calameoassets.com\/140918142435-748a51dbfb001b28d46e0e125a4498e0\/p1.jpg\" alt=\"rencontres interprofessionnelles du patrimoine 2014\" align=\"right\">.<\/p>\n","protected":false},"excerpt":{"rendered":"<p>rencontres interprofessionnelles du patrimoine 2014<\/p>\n","protected":false},"author":1,"featured_media":0,"comment_status":"closed","ping_status":"closed","sticky":false,"template":"","format":"standard","meta":{"footnotes":""},"categories":[1],"tags":[],"_links":{"self":[{"href":"http:\/\/mymobilebooster.com\/forum\/wp-json\/wp\/v2\/posts\/3398"}],"collection":[{"href":"http:\/\/mymobilebooster.com\/forum\/wp-json\/wp\/v2\/posts"}],"about":[{"href":"http:\/\/mymobilebooster.com\/forum\/wp-json\/wp\/v2\/types\/post"}],"author":[{"embeddable":true,"href":"http:\/\/mymobilebooster.com\/forum\/wp-json\/wp\/v2\/users\/1"}],"replies":[{"embeddable":true,"href":"http:\/\/mymobilebooster.com\/forum\/wp-json\/wp\/v2\/comments?post=3398"}],"version-history":[{"count":1,"href":"http:\/\/mymobilebooster.com\/forum\/wp-json\/wp\/v2\/posts\/3398\/revisions"}],"predecessor-version":[{"id":3399,"href":"http:\/\/mymobilebooster.com\/forum\/wp-json\/wp\/v2\/posts\/3398\/revisions\/3399"}],"wp:attachment":[{"href":"http:\/\/mymobilebooster.com\/forum\/wp-json\/wp\/v2\/media?parent=3398"}],"wp:term":[{"taxonomy":"category","embeddable":true,"href":"http:\/\/mymobilebooster.com\/forum\/wp-json\/wp\/v2\/categories?post=3398"},{"taxonomy":"post_tag","embeddable":true,"href":"http:\/\/mymobilebooster.com\/forum\/wp-json\/wp\/v2\/tags?post=3398"}],"curies":[{"name":"wp","href":"https:\/\/api.w.org\/{rel}","templated":true}]}}