{"id":3404,"date":"2020-09-26T17:19:50","date_gmt":"2020-09-26T17:19:50","guid":{"rendered":"http:\/\/mymobilebooster.com\/forum\/?p=3404"},"modified":"2020-09-22T00:09:29","modified_gmt":"2020-09-22T00:09:29","slug":"rencontre-avec-sebastien-jacquet","status":"publish","type":"post","link":"http:\/\/mymobilebooster.com\/forum\/2020\/09\/26\/rencontre-avec-sebastien-jacquet\/","title":{"rendered":"Rencontre Avec Sebastien Jacquet"},"content":{"rendered":"<p>Parce quils ne peuvent plus exercer leur emploi apr\u00e8s une maladie ou un accident, plus de deux cents travailleurs en situation de handicap apprennent un nouveau m\u00e9tier au centre de r\u00e9adaptation professionnelle de Bordeaux. Un long parcours avec un objectif : retrouver lautonomie perdue. El\u00e9mens geographiques By Louis S\u00e9bastien Jacquet de Malzet Le travail de ce P\u00e9ruwelzien dadoption est actuellement \u00e0 lhonneur au Foyer Culturel Arr\u00eat 59, dans le cadre de lexposition De murs en murs. Professeur dHistoire et G\u00e9ographie, S\u00e9bastien Jacquet a r\u00e9ellement commenc\u00e9 \u00e0 exercer son talent de photographe en 2014. Ses clich\u00e9s de pr\u00e9dilections? Les murs de Paris. Tout un symbole. Voir \u00e0 ce sujet le texte de la commission du 26 janvier 2008. Grace \u00e0 des valeurs telles que le partage, la combativit\u00e9, le respect et la convivialit\u00e9, la pratique du triathlon \u00e0 lUS Cagnes m\u00eale aussi bien performances que bonne humeur. La pratique du triathlon  RT CanalRugbyClub Il y a ans jour pour jour, lASMOfficiel soulevait son premier Brennus Avant ce triomphe, une invraisemblabl https:t.cop3lqkCIqY9 Il se situe encore \u00e0 un niveau faible. Il a baiss\u00e9 de pr\u00e8s de 8 sur lann\u00e9e par rapport \u00e0 2012. La confiance nest pas encore revenue. La crise incite nos clients \u00e0 diff\u00e9rer leurs achats et lorsquils ont d\u00e9cid\u00e9 dinvestir, le financement pose probl\u00e8me. Cest lun des points noirs actuels. De fait, je ne vois au mieux quun march\u00e9 stable pour 2014, explique S\u00e9bastien Jacquet. <img decoding=\"async\" src=\"http:\/\/www.lacotedesmontres.com\/mesIMG\/imgStd\/37547.jpg\" alt=\"rencontre avec sebastien jacquet\" align=\"center\"> Toute personne dont la photo appara\u00eet sur ce blog b\u00e9n\u00e9ficie du droit de retrait de limage, il suffit alors de me contacter via le formulaire de contact en indiquant les r\u00e9f\u00e9rences de la photo concern\u00e9e. D\u00e8s r\u00e9ception du message jenl\u00e8verai la photo du blog. Les CPO et CRP seront ferm\u00e9s. Les stagiaires restent \u00e0 domicile et sont en formation \u00e0 distance des mesures sp\u00e9cifiques sont prises pour les stagiaires en entreprise ; Pr\u00e9sents : Pierre Kerleroux, Aleth Briat, Jean-Marie No\u00ebl Ile de France, V\u00e9ronique Poggioli Champagne-Ardennes, Marie-Jos\u00e8phe de Bergh Bourgogne, Th\u00e9r\u00e8se Cousin Grenoble, Christine Guimonnet Picardie, Roger Reboul Aix-Marseille, Gilles Tr\u00e9m\u00e8ge Pays de Loire.  Villa THIOLE Villa Municipale des Arts Plastiques de Nice Avec Gia ABRASSART, journaliste et porteuse du projet Caf\u00e9 Congo, Mireille-Tsheusi ROBERT \u00e9ducatrice et pr\u00e9sidente de lassociation Bamko-BaYaYa, Fr\u00e9d\u00e9ric LUBANSU, membre dAfropean Project, Johns MBULULA sous r\u00e9serve et Mourad BOUCIF, r\u00e9alisateur, repr\u00e9sentant du groupe d\u00e9colonisation du Mrax.  Vainqueurs : Rivi\u00e8re Francis-Lavilledieu Lo\u00efc Pont Neuf Moissac Capital : Nest-ce pas paradoxal pour votre travail de vous appuyer sur une technologie r\u00e9put\u00e9e \u00e9nergivore? <img decoding=\"async\" src=\"http:\/\/www.revelations-grandpalais.com\/revelations\/ressources\/images\/22\/1029,780x,sebastien-carre-salon-revelations-2015-_1_.jpg\" alt=\"rencontre avec sebastien jacquet\" align=\"center\"> Je tiens \u00e0 remercier lensemble des joueurs qui ont d\u00e9montr\u00e9 un \u00e9tat desprit irr\u00e9prochable pendant ces deux jours et remercier plus particuli\u00e8rement nos b\u00e9n\u00e9voles Denise Murciano, Anne-Lise Moreno, Jean Brun, Fanny et Guy Zambon qui se sont sacrifi\u00e9s sans compter pendant ce week-end-Deux Grands formats avec Sochaux Marseille et Bordeaux Lille <img decoding=\"async\" src=\"http:\/\/www.totalclxoud.ga\/images\/actualite\/2017\/8084\/CSEM.JPG\" alt=\"rencontre avec sebastien jacquet\" align=\"center\"> Vernissage le jeudi 28 septembre de 18h30 \u00e0 21h, rue des Fran\u00e7ais, 59 7600 P\u00e9rulwez. Depuis le 7 mars et sa victoire au 1er tour face \u00e0 Cazes-Mondenard, les Players navaient pas disput\u00e9 de rencontre en Coupe de France exempt au second tour. Intervention sous linvitation de Pierre Leguilon, dans le cadre du festival de lincertitude El\u00e9mens geographiques-Louis S\u00e9bastien Jacquet de Malzet-Google Books Expositions dans les \u00e9tablissements scolaires du second degr\u00e9 Les st\u00e9r\u00e9otypes infantilisants \u00e0 l\u00e9gard des noirs sont une illustration \u00e9loquente du racisme \u00e0 leur \u00e9gard, essentiellement caract\u00e9ris\u00e9 par le m\u00e9pris. Aujourdhui, le silence m\u00e9diatique, politique, acad\u00e9mique et associatif assourdissant qui entoure l afrophobie sinscrit dans une tradition de d\u00e9ni de reconnaissance, de marginalisation ou d invisibilisation des Noirs. Il convient d\u00e8s lors de se demander qui parle pour les Noirs? Pourquoi l afrophobie est-elle une forme de racisme m\u00e9connue, jug\u00e9e inoffensive, voire m\u00e9pris\u00e9e? Par quels processus les voix des diasporas africaines sont-elles rendues inaudibles?<\/p>\n","protected":false},"excerpt":{"rendered":"<p>rencontre avec sebastien jacquet<\/p>\n","protected":false},"author":1,"featured_media":0,"comment_status":"closed","ping_status":"closed","sticky":false,"template":"","format":"standard","meta":{"footnotes":""},"categories":[1],"tags":[],"_links":{"self":[{"href":"http:\/\/mymobilebooster.com\/forum\/wp-json\/wp\/v2\/posts\/3404"}],"collection":[{"href":"http:\/\/mymobilebooster.com\/forum\/wp-json\/wp\/v2\/posts"}],"about":[{"href":"http:\/\/mymobilebooster.com\/forum\/wp-json\/wp\/v2\/types\/post"}],"author":[{"embeddable":true,"href":"http:\/\/mymobilebooster.com\/forum\/wp-json\/wp\/v2\/users\/1"}],"replies":[{"embeddable":true,"href":"http:\/\/mymobilebooster.com\/forum\/wp-json\/wp\/v2\/comments?post=3404"}],"version-history":[{"count":1,"href":"http:\/\/mymobilebooster.com\/forum\/wp-json\/wp\/v2\/posts\/3404\/revisions"}],"predecessor-version":[{"id":3405,"href":"http:\/\/mymobilebooster.com\/forum\/wp-json\/wp\/v2\/posts\/3404\/revisions\/3405"}],"wp:attachment":[{"href":"http:\/\/mymobilebooster.com\/forum\/wp-json\/wp\/v2\/media?parent=3404"}],"wp:term":[{"taxonomy":"category","embeddable":true,"href":"http:\/\/mymobilebooster.com\/forum\/wp-json\/wp\/v2\/categories?post=3404"},{"taxonomy":"post_tag","embeddable":true,"href":"http:\/\/mymobilebooster.com\/forum\/wp-json\/wp\/v2\/tags?post=3404"}],"curies":[{"name":"wp","href":"https:\/\/api.w.org\/{rel}","templated":true}]}}