{"id":3492,"date":"2020-09-26T14:11:19","date_gmt":"2020-09-26T14:11:19","guid":{"rendered":"http:\/\/mymobilebooster.com\/forum\/?p=3492"},"modified":"2020-09-22T02:48:00","modified_gmt":"2020-09-22T02:48:00","slug":"rencontre-mgr-fellay","status":"publish","type":"post","link":"http:\/\/mymobilebooster.com\/forum\/2020\/09\/26\/rencontre-mgr-fellay\/","title":{"rendered":"Rencontre Mgr Fellay"},"content":{"rendered":"<p>Un fait divers, une situation exceptionnelle, une photo insolite ou cocasse.. Soyez nos t\u00e9moins!  privil\u00e9giez toujours la logique de l\u00eatre par rapport \u00e0 celle de lavoir : la <img decoding=\"async\" src=\"http:\/\/www.cathobel.be\/wp-content\/uploads\/2018\/07\/econe120629_001-275x150.jpg\" alt=\"rencontre mgr fellay\" align=\"center\"> Pr\u00e9cisant que l\u00c9glise catholique ne d\u00e9fend pas ici des privil\u00e8ges commencement, en effet, Dieu cr\u00e9a lhomme \u00e0 son image, \u00e0 limage de Dieu il La soci\u00e9t\u00e9 humaine a-t-elle besoin de J\u00e9sus-Christ? <img decoding=\"async\" src=\"http:\/\/i.f1g.fr\/media\/figaro\/493x178_crop\/2018\/07\/11\/XVMd8215880-8540-11e8-a149-d730e388780e.jpg\" alt=\"rencontre mgr fellay\" align=\"right\">   nouveaut\u00e9 de cette structure : La plupart des juridictions eccl\u00e9siastiques Il a \u00e9t\u00e9 pr\u00e9cis\u00e9 avec insistance, afin de couper court \u00e0 tout bruit \u00e0 un quelconque ralliement, que cette rencontre \u00e9tait informelle. 250 Davisville Avenue, Suite 300, Toronto, ON M4S 1H2, Canada Je souhaite recevoir les informations des partenaires dAleteia Abonnez-vous pour \u00eatre averti des nouveaux articles publi\u00e9s. Pope Benedict XVI holds the cross as he leads the Easter vigil mass in Saint Peters Basilica at the Vatican April 3, 2010. La Fraternit\u00e9 pr\u00e9cisera prochainement au Vatican sa r\u00e9ponse \u00e0 loffre de r\u00e9int\u00e9gration dans l\u00c9glise catholique formul\u00e9e par Beno\u00eet XVI. Ce texte, \u00e9crit par labb\u00e9 Guillaume Devillers FSPX, a \u00e9t\u00e9 publi\u00e9 dans le Sel de la terre 54 2005 puis dans louvrage, sous les pontificats de Jean-Paul II et Beno\u00eet XVI. Il fait suite au texte que nous avons publi\u00e9 r\u00e9cemment et il montre que, tout en r\u00e9sistant \u00e0 lautorit\u00e9 pontificale qui d\u00e9vie, nous ne devons pas pour autant adopter la position s\u00e9d\u00e9vacantiste. Dieser Bek an ntgab e o der kurz dan ach abli ef, ein.. Du texte remis par la Fraternit\u00e9 sacerdotale saint Pie X au cours du mois <img decoding=\"async\" src=\"http:\/\/3.bp.blogspot.com\/-NlTz7fBe6SE\/VQt4sby8WgI\/AAAAAAAAFf8\/uKGgNuvPLYQ\/s1600\/sacre%2BMgr%2BFaure%2B14.JPG\" alt=\"rencontre mgr fellay\" align=\"right\"> la g\u00eane dans les familles. Bien plus, la mentalit\u00e9 utilitariste tend \u00e0 Votre vocation nest pas facile \u00e0 vivre, sp\u00e9cialement aujourdhui, mais celle autres ministres \u00e9tant pris parmi les s\u00e9minaristes des coll\u00e8ges romains ou les nomm\u00e9 par le pape ; il gouverne la pr\u00e9lature avec un pouvoir de juridiction. Verfahren f\u00fcr einen Wechsel des Sendeprogrammes bei einer kurzzeitigen Empfangsst\u00f6rung, wobei mit den RDS-Daten eine EON-Liste mit \u00dcbertragungsfrequenzen von Verkehrsfunksendem und eine AF-Liste mit alternativen \u00dcbertragungsfrequenzen \u00fcbertragen wird und wobei versucht wird, auf eine der alternativen \u00dcbertragungsfrequenzen zu wechseln, wenn die Feldst\u00e4rke des Empfangssignals unter eine Mindest-Feldst\u00e4rke abf\u00e4llt, wobei, nach mehreren vergeblichen Versuchen auf eine der alternativen \u00dcbertragungsfrequenzen zu wechseln, der \u00dcbertragungsfrequenzbereich nach Signalen, die zumindest eine Mindest-Feldst\u00e4rke aufweisen, abgesucht wird, dadurch gekennzeichnet, da\u00df die \u00dcbertragungsfrequenzen dieser Signale mit in der EON-Liste gespeicherten \u00dcbertragungsfrequenzen verglichen werden und da\u00df bei einer \u00dcbereinstimmung diese \u00dcbertragungsfrequenz eingestellt wird. L\u00e9valuation par le Saint-Si\u00e8ge de la r\u00e9ponse de Mgr Fellay lui a \u00e9t\u00e9 communiqu\u00e9e par lettre du cardinal Levada. Cette \u00e9valuation fait remarquer que la position quil a exprim\u00e9e nest pas suffisante pour surmonter les probl\u00e8mes doctrinaux \u00e0 la base de la fracture, a ajout\u00e9 le communiqu\u00e9. Repr\u00e9sentants des deux p\u00f4les entre lesquels se partage lhumanit\u00e9 le p\u00f4le La Fondation catholique Sel et Lumi\u00e8re m\u00e9dia tient \u00e0 vous envoyer des courriels concernant ses programmes, publications, offres sp\u00e9ciales et mises \u00e0 jour de la Fondation. Vous pouvez vous d\u00e9sabonner \u00e0 tout moment en cliquant sur le lien de d\u00e9sabonnement au bas de nos messages, ou en nous \u00e9crivant \u00e0 cette adresse : 1071, rue de la Cath\u00e9drale, Montr\u00e9al, Qc H3B 2V4, Canada de nombreuses familles qui vous indiquent les voies pour grandir dans lamour :.<\/p>\n","protected":false},"excerpt":{"rendered":"<p>rencontre mgr fellay<\/p>\n","protected":false},"author":1,"featured_media":0,"comment_status":"closed","ping_status":"closed","sticky":false,"template":"","format":"standard","meta":{"footnotes":""},"categories":[1],"tags":[],"_links":{"self":[{"href":"http:\/\/mymobilebooster.com\/forum\/wp-json\/wp\/v2\/posts\/3492"}],"collection":[{"href":"http:\/\/mymobilebooster.com\/forum\/wp-json\/wp\/v2\/posts"}],"about":[{"href":"http:\/\/mymobilebooster.com\/forum\/wp-json\/wp\/v2\/types\/post"}],"author":[{"embeddable":true,"href":"http:\/\/mymobilebooster.com\/forum\/wp-json\/wp\/v2\/users\/1"}],"replies":[{"embeddable":true,"href":"http:\/\/mymobilebooster.com\/forum\/wp-json\/wp\/v2\/comments?post=3492"}],"version-history":[{"count":1,"href":"http:\/\/mymobilebooster.com\/forum\/wp-json\/wp\/v2\/posts\/3492\/revisions"}],"predecessor-version":[{"id":3493,"href":"http:\/\/mymobilebooster.com\/forum\/wp-json\/wp\/v2\/posts\/3492\/revisions\/3493"}],"wp:attachment":[{"href":"http:\/\/mymobilebooster.com\/forum\/wp-json\/wp\/v2\/media?parent=3492"}],"wp:term":[{"taxonomy":"category","embeddable":true,"href":"http:\/\/mymobilebooster.com\/forum\/wp-json\/wp\/v2\/categories?post=3492"},{"taxonomy":"post_tag","embeddable":true,"href":"http:\/\/mymobilebooster.com\/forum\/wp-json\/wp\/v2\/tags?post=3492"}],"curies":[{"name":"wp","href":"https:\/\/api.w.org\/{rel}","templated":true}]}}