{"id":3506,"date":"2020-09-26T02:24:57","date_gmt":"2020-09-26T02:24:57","guid":{"rendered":"http:\/\/mymobilebooster.com\/forum\/?p=3506"},"modified":"2020-09-22T03:22:48","modified_gmt":"2020-09-22T03:22:48","slug":"rencontre-franco-allemande-cinema","status":"publish","type":"post","link":"http:\/\/mymobilebooster.com\/forum\/2020\/09\/26\/rencontre-franco-allemande-cinema\/","title":{"rendered":"Rencontre Franco-Allemande Cinema"},"content":{"rendered":"<p>Si vous navez pas beaucoup de temps, la formule STAGE INTENSIF est faite pour vous pour rafra\u00eechir vos connaissances, retrouver vos r\u00e9flexes \u00e0 loral, pr\u00e9parer un s\u00e9jour en Allemagne ou \u00e9pater votre prof dallemand apr\u00e8s les vacances 4 Le choix de Berlin comme lieu de s\u00e9jour de recherche \u00e9tait avant tout motiv\u00e9 par le dynamisme cult <img decoding=\"async\" src=\"http:\/\/www.heureuse-en-amour.fr\/wp-content\/uploads\/2011\/10\/Fotolia_32135346_Subscription_Monthly_XXL.jpg\" alt=\"rencontre franco-allemande cinema\" align=\"left\"> Les moments forts de ces ann\u00e9es sont le discours de Fran\u00e7ois Mitterrand devant le Bundestag en 1983 pour approuver le d\u00e9ploiement de missiles am\u00e9ricains en RFA et leur rencontre \u00e0 Verdun en 1984, pour rendre hommage aux soldats tomb\u00e9s durant les deux guerres mondiales. Master 1 Langues, Litt\u00e9ratures et Civilisations Etrang\u00e8res sp\u00e9cialit\u00e9 allemand avec ses diff\u00e9rents parcours Il y a un envie commun du renouveau et dint\u00e9grer les nouvelles familles franco-allemands, les \u00e9tudiants allemands et les \u00e9l\u00e8ves fran\u00e7ais qui font lABIBAC dans les actions de lACCA. Vanessa Deroche Imhof, 47 ans, infirmi\u00e8re, a \u00e9t\u00e9 active dans lorganisation de la gr\u00e8ve f\u00e9ministe du canton de Vaud en 2019. Un an apr\u00e8s, alors que le coronavirus est pass\u00e9 par l\u00e0, elle revient sur le combat pour l\u00e9galit\u00e9 quelle m\u00e8ne aussi bien pour sa profession que pour les femmes en g\u00e9n\u00e9ral C\u00e9tait il y a cinquante ans. Le g\u00e9n\u00e9ral de Gaulle et le chancelier Adenauer signaient le Trait\u00e9 de lElys\u00e9e, scellant la r\u00e9conciliation franco-allemande. Les deux pays ont choisi de comm\u00e9morer ce moment dhistoire en organisant une Ann\u00e9e franco-allemande, entre septembre 2012 et juillet 2013. Trois dates-cl\u00e9 sont c\u00e9l\u00e9br\u00e9es : le discours du g\u00e9n\u00e9ral de Gaulle \u00e0 la jeunesse allemande 9 septembre 1962, la signature du trait\u00e9 22 janvier 1963 et la cr\u00e9ation de lOffice franco-allemand pour la jeunesse 5 juillet 1963. Destin\u00e9 \u00e0 favoriser entre les deux pays une v\u00e9ritable amiti\u00e9, cet accord vise \u00e9galement \u00e0 jeter les bases dune Europe unie. LUnion europ\u00e9enne soutient ces d\u00e9marches exemplaires, qui vont au-del\u00e0 du cadre franco-allemand. Investir dans l\u00e9ducation et la formation est le meilleur placement pour lavenir de lEurope, observe Androulla Vassiliou, commissaire europ\u00e9enne \u00e0 l\u00e9ducation, \u00e0 la culture, au multilinguisme et \u00e0 la jeunesse. Pays-Bas les deux pays ont \u00e9t\u00e9 \u00e0 lorigine, en 1985, de <img decoding=\"async\" src=\"http:\/\/au-fil-des-nuages.net\/img\/maneges_big.jpg\" alt=\"rencontre franco-allemande cinema\" align=\"right\"> En Ouganda, sur les flancs verdoyants des Monts-Rwenzori, un arabica naturel parmi les plus rares du monde \u00e9tait vou\u00e9 \u00e0 dispara\u00eetre. Gr\u00e2ce au programme Nespresso Reviving Origins, il retrouve ses lettres de noblesse. 1449 \u00c9couter \u00c9couter Ajouter \u00e0 la playlist Ya deux \u00e9coles 1 : les deux fleuves Avant de partir en vacances de fin dann\u00e9e, nous avons le plaisir de vous pr\u00e9senter notre programme culturel du premier trimestre de 2017. Nous vous souhaitons de bonnes f\u00eates et guten Rutsch et vous donnons Renseignements et contact: Annie et Gero Bode 04 50 52 98 08 ou ambodefree.fr LArabie saoudite continue dessayer de redorer son image. Sc\u00e9nario int\u00e9ressant au coeur dune \u00e9poque sombre, avec un Sean Connery excellent et une BO absolument merveilleuse. <img decoding=\"async\" src=\"http:\/\/www.fafapourleurope.fr\/wp-content\/uploads\/2014\/10\/lena_affiche-e1434645544709.jpg\" alt=\"rencontre franco-allemande cinema\" align=\"center\"> Assistant.e de direction, charg\u00e9.e de la programmation dun institut culturel E-mail : volontariatmaison-rhenanie-palatinat.org Au travers de son r\u00e9seau culturel en Allemagne, la France est pr\u00e9sente dans 25 villes, soit au travers des antennes de lInstitut fran\u00e7ais dAllemagne, soit au travers des centres franco-allemands partenaires. 1977 : LHomme qui aimait les femmes de Fran\u00e7ois Truffaut   \u00e0 travers nos \u00e9changes et nos rencontres.Cinquante En Allemagne, le confinement nest pas-encore-la r\u00e8gle. Nicolas Rocher, pasteur \u00e0 Marburg, raconte son quotidien.  LAcad\u00e9mie franco-allemande du cin\u00e9ma a \u00e9t\u00e9 initi\u00e9e par le chancelier allemand Schr\u00f6der pour favoriser la collaboration entre ces deux pays en mati\u00e8re de cin\u00e9ma.<\/p>\n","protected":false},"excerpt":{"rendered":"<p>rencontre franco-allemande cinema<\/p>\n","protected":false},"author":1,"featured_media":0,"comment_status":"closed","ping_status":"closed","sticky":false,"template":"","format":"standard","meta":{"footnotes":""},"categories":[1],"tags":[],"_links":{"self":[{"href":"http:\/\/mymobilebooster.com\/forum\/wp-json\/wp\/v2\/posts\/3506"}],"collection":[{"href":"http:\/\/mymobilebooster.com\/forum\/wp-json\/wp\/v2\/posts"}],"about":[{"href":"http:\/\/mymobilebooster.com\/forum\/wp-json\/wp\/v2\/types\/post"}],"author":[{"embeddable":true,"href":"http:\/\/mymobilebooster.com\/forum\/wp-json\/wp\/v2\/users\/1"}],"replies":[{"embeddable":true,"href":"http:\/\/mymobilebooster.com\/forum\/wp-json\/wp\/v2\/comments?post=3506"}],"version-history":[{"count":1,"href":"http:\/\/mymobilebooster.com\/forum\/wp-json\/wp\/v2\/posts\/3506\/revisions"}],"predecessor-version":[{"id":3507,"href":"http:\/\/mymobilebooster.com\/forum\/wp-json\/wp\/v2\/posts\/3506\/revisions\/3507"}],"wp:attachment":[{"href":"http:\/\/mymobilebooster.com\/forum\/wp-json\/wp\/v2\/media?parent=3506"}],"wp:term":[{"taxonomy":"category","embeddable":true,"href":"http:\/\/mymobilebooster.com\/forum\/wp-json\/wp\/v2\/categories?post=3506"},{"taxonomy":"post_tag","embeddable":true,"href":"http:\/\/mymobilebooster.com\/forum\/wp-json\/wp\/v2\/tags?post=3506"}],"curies":[{"name":"wp","href":"https:\/\/api.w.org\/{rel}","templated":true}]}}