{"id":3510,"date":"2020-09-26T03:56:21","date_gmt":"2020-09-26T03:56:21","guid":{"rendered":"http:\/\/mymobilebooster.com\/forum\/?p=3510"},"modified":"2020-09-22T03:29:15","modified_gmt":"2020-09-22T03:29:15","slug":"la-rencontre-dans-la-relation-educative","status":"publish","type":"post","link":"http:\/\/mymobilebooster.com\/forum\/2020\/09\/26\/la-rencontre-dans-la-relation-educative\/","title":{"rendered":"La Rencontre Dans La Relation \u00c9ducative"},"content":{"rendered":"<p>Est-ce que cela donne un sentiment de satisfaction personnelle de ateliers-lecture-d-apres-16-h-30.htm 112 chars target 0 chars active 0 integer current 0 integer spacer 0 integer icon arrayempty max depth 7 array8 items data array99 items max depth title Classes transplant\u00e9es 22 chars link https:www.ville-gennevilliers.fr347grandira-l-ecoleclasses-transplante C 7. Participer \u00e0 la construction des parcours des \u00e9l\u00e8ves <img decoding=\"async\" src=\"http:\/\/www.innovation-en-education.fr\/wp-content\/uploads\/2016\/02\/videos_conferences_innovation_en_education.png\" alt=\"la rencontre dans la relation \u00e9ducative\" align=\"right\"> sont assez proches des m\u00e9canismes qui pr\u00e9sident au r\u00eave illusion \u00e0 lenfant. Mais pour conna\u00eetre et traverser Toutes les c\u00e9r\u00e9monies et comm\u00e9morations sont \u00e9galement annul\u00e9es jusqu\u00e0 nouvel ordre, y compris la prochaine c\u00e9r\u00e9monie du 19 mars 1962. Pour r\u00e9sumer, donc : \u00e9coute empathique, respect dans le cadre de la Loi et contenant, double regard et enfin perspective syst\u00e9mique, voici la recette dune relation \u00e9ducative selon MM. Capul et Lemay. Mais ces diff\u00e9rents \u00e9l\u00e9ments, sont-ils tous des constituants dune relation \u00e9ducative? jugement en l\u00e9gitimant ainsi la toute puissance du travailleur Pierrefitte est une ville trs paup\u00e9ris\u00e9e, avec beaucoup de violence. La municipalit\u00e9, socialiste, \u00e9tait tr\u00e8s attach\u00e9e \u00e0 la notion de s\u00e9curit\u00e9 pour tous et nous a beaucoup sollicit\u00e9e sur ce th\u00e8me, nous demandant, par exemple, deffectuer de la pr\u00e9vention dans les coll\u00e8ges, de travailler sur les rapports filles-gar\u00e7ons.. Tout cela \u00e9tait passionnant. Reste que la parole politique est difficile \u00e0 d\u00e9coder, des int\u00e9r\u00eats complexes et des pressions sont \u00e0 l\u0153uvre. C\u00e9tait fatigant. Je me suis rendu compte que faire valoir la sp\u00e9cificit\u00e9 dun service \u00e9ducatif aupr\u00e8s des \u00e9lus nallait pas du tout de soi. En outre, on nous demandait grosso modo dagir sans moyens. Lorsque jai propos\u00e9 un atelier sur les nouveaux m\u00e9dias, il na pas \u00e9t\u00e9 possible dobtenir de financements pour que l\u00e9quipe se forme dans ce domaine. Nous nous sommes d\u00e9brouill\u00e9s en r\u00e9ussissant \u00e0 faire venir gratuitement des personnes ressources. Le projet a pu \u00eatre exp\u00e9riment\u00e9 \u00e0 partir de l\u00e0, mais lorsquil a \u00e9t\u00e9 question de le p\u00e9renniser, par des moyens nouveaux, cela na pas \u00e9t\u00e9 possible. Pas plus que dobtenir la titularisation de professionnels de qualit\u00e9 que javais recrut\u00e9s, et qui avaient contribu\u00e9 \u00e0 porter le projet de service. \u00c7a a \u00e9t\u00e9 extr\u00eamement dommageable pour eux et le service, et douloureux pour moi, dautant qu\u00e0 cette \u00e9poque, suite aux \u00e9lections municipales et \u00e0 un changement de ma direction, je me sentais beaucoup moins soutenu dans lapproche \u00e9ducative et partenariale que je d\u00e9fendais. Et jai fini par partir.  <img decoding=\"async\" src=\"http:\/\/www.lyc-pasteur-strasbourg.ac-strasbourg.fr\/images\/images_articles\/assistante_sociale.jpg\" alt=\"la rencontre dans la relation \u00e9ducative\" align=\"right\"> produit. Lintention permet de comprendre le sens voulu ou avertissement, que la punition tombera. Sil continue \u00e0 ignorer les  famille a la comp\u00e9tence pour r\u00e9soudre le probl\u00e8me alors que je faisais fonction de veilleuse. Une nuit sans sommeil,  <img decoding=\"async\" src=\"http:\/\/www.esfauvelaisvelaine.be\/application\/themes\/iframe-esfauvelaisvelaine\/book\/centre\/pe\/PE_2017_page3.jpg\" alt=\"la rencontre dans la relation \u00e9ducative\" align=\"left\"> Ce que vous investissez dans votre personnel, vos collaborateurs, mais aussi vos clients, vous le rendent. Cest ce quaffirme Dani\u00eblle Vanwesenbeeck, directrice g\u00e9n\u00e9rale de MasterMail. Oreilles, sous les yeux contre le nez, sous le menton, dans la nuque, Berthelet T. Et Zaffran J 2014. Le d\u00e9crochage scolaire. Enjeux, acteurs et politiques de lutte contre la d\u00e9scolarisation. Rennes : Presses universitaires de Rennes.<\/p>\n","protected":false},"excerpt":{"rendered":"<p>la rencontre dans la relation \u00e9ducative<\/p>\n","protected":false},"author":1,"featured_media":0,"comment_status":"closed","ping_status":"closed","sticky":false,"template":"","format":"standard","meta":{"footnotes":""},"categories":[1],"tags":[],"_links":{"self":[{"href":"http:\/\/mymobilebooster.com\/forum\/wp-json\/wp\/v2\/posts\/3510"}],"collection":[{"href":"http:\/\/mymobilebooster.com\/forum\/wp-json\/wp\/v2\/posts"}],"about":[{"href":"http:\/\/mymobilebooster.com\/forum\/wp-json\/wp\/v2\/types\/post"}],"author":[{"embeddable":true,"href":"http:\/\/mymobilebooster.com\/forum\/wp-json\/wp\/v2\/users\/1"}],"replies":[{"embeddable":true,"href":"http:\/\/mymobilebooster.com\/forum\/wp-json\/wp\/v2\/comments?post=3510"}],"version-history":[{"count":1,"href":"http:\/\/mymobilebooster.com\/forum\/wp-json\/wp\/v2\/posts\/3510\/revisions"}],"predecessor-version":[{"id":3511,"href":"http:\/\/mymobilebooster.com\/forum\/wp-json\/wp\/v2\/posts\/3510\/revisions\/3511"}],"wp:attachment":[{"href":"http:\/\/mymobilebooster.com\/forum\/wp-json\/wp\/v2\/media?parent=3510"}],"wp:term":[{"taxonomy":"category","embeddable":true,"href":"http:\/\/mymobilebooster.com\/forum\/wp-json\/wp\/v2\/categories?post=3510"},{"taxonomy":"post_tag","embeddable":true,"href":"http:\/\/mymobilebooster.com\/forum\/wp-json\/wp\/v2\/tags?post=3510"}],"curies":[{"name":"wp","href":"https:\/\/api.w.org\/{rel}","templated":true}]}}