{"id":3516,"date":"2020-09-26T09:26:29","date_gmt":"2020-09-26T09:26:29","guid":{"rendered":"http:\/\/mymobilebooster.com\/forum\/?p=3516"},"modified":"2020-09-22T03:34:49","modified_gmt":"2020-09-22T03:34:49","slug":"rencontre-medecin-suisse","status":"publish","type":"post","link":"http:\/\/mymobilebooster.com\/forum\/2020\/09\/26\/rencontre-medecin-suisse\/","title":{"rendered":"Rencontre Medecin Suisse"},"content":{"rendered":"<p>Marie-Julia Guittier, sage-femme, PhD, professeure, HEdS-Gen\u00e8ve et sage-femme, H\u00f4pitaux Universitaires de Gen\u00e8ve HUG Bien que le contingent europ\u00e9en fut modeste, nous avons quand m\u00eame constat\u00e9 limmense attrait que constitue le Qu\u00e9bec pour nos confr\u00e8res qui sont tous repartis heureux de leur s\u00e9jour. Nul doute que cette tradition se poursuivra au cours des prochaines ann\u00e9es. Gratuit : la publication hebdomadaire scientifique Nutranews  Le 13 f\u00e9vrier \u00e0 8h, je me rends au cabinet pour la prise de sang. Lassistante me demande ce que jen pense, si jai des sensations mindiquant que cest positif ou n\u00e9gatif. Je lui dis quen effet, depuis trois jours, je suis un peu naus\u00e9euse. Elle me r\u00e9pond que ce nest pas possible de sentir quoi que ce soit \u00e0 ce stade dune grossesse. Pourquoi pose-t-elle la question alors? <img decoding=\"async\" src=\"http:\/\/www.kjutlu.ga\/media\/catalog\/product\/cache\/31\/small_image\/930x\/a18d63d58ef90179f78dc3d9257006f0\/4\/5\/4518046_054_2.jpg\" alt=\"rencontre medecin suisse\" align=\"left\"> Peut il proc\u00e9der \u00e0 mon licenciement plut\u00f4t? je dois me remettre en arr\u00eat durant ce mois le temps de la proc\u00e9dure, je vais donc demander \u00e0 mon m\u00e9decin de me mettre que 15 jours pour voir si mon employeur peut me licencier avant. Quand pensez-vous? <img decoding=\"async\" src=\"http:\/\/resize2-parismatch.ladmedia.fr\/r\/625,417,center-middle,ffffff\/img\/var\/news\/storage\/images\/paris-match\/actu\/societe\/suisse-suicide-medicalement-assiste-159044\/1642392-1-fre-FR\/Suicide-ces-Suisses-qui-vous-aident-a-mourir.jpg\" alt=\"rencontre medecin suisse\" align=\"right\"> 31D\u00e9tenteur de solides connaissances sur les m\u00e9dicaments, le pharmacien est reconnu par tous comme un conseiller de r\u00e9f\u00e9rence en la mati\u00e8re. Ainsi, certains usagers comme Yvette entretiennent avec lui une relation de type cl\u00e9rical Hammer, 2006, dans laquelle ils ne veulent pas interf\u00e9rer avec ce qui rel\u00e8ve de la comp\u00e9tence du sp\u00e9cialiste du m\u00e9dicament. Cette confiance peut favoriser l\u00e9tablissement dune relation asym\u00e9trique comme dans le mod\u00e8le parsonien, qui est remise en cause par ceux qui voudraient pr\u00e9server leur autonomie dans lexercice de leurs choix, notamment en labsence dune prescription m\u00e9dicale : En lisant tous ces t\u00e9moignages, je ne me serais jamais dout\u00e9 que cette maladie pouvait provoquer autant de d\u00e9sagr\u00e9ments. Je voulais partager un article que jai lu sur le site de Thierry Souccar qui met en avant lint\u00e9r\u00eat que repr\u00e9sente les probiotiques dans la lutte contre la maladie de Lyme. Notamment pour 3 raisons : son r\u00f4le modulateur dans le syst\u00e8me immunitaire, la diminution de la perm\u00e9abilit\u00e9 intestinale et son impact r\u00e9gulateur sur le sommeil. Il conseille \u00e9galement dalterner les consomm\u00e9s pour une meilleure sant\u00e9 intestinale. En esp\u00e9rant avoir apport\u00e9 un \u00e9l\u00e9ment de r\u00e9ponse. \u00c0 bient\u00f4t. Le Docteur Raju est venu en France des les ann\u00e9es 90. A pr\u00e9sent, il se d\u00e9place tr\u00e8s peu. <img decoding=\"async\" src=\"http:\/\/fr.1001mags.com\/images\/Couv\/C\/CHUVMagazine\/11\/12835-CHUVMagazine-11-Page-006.jpg\" alt=\"rencontre medecin suisse\" align=\"right\"> Newsletter LIllustr\u00e9 Recevoir la newsletter LIllustr\u00e9 M\u00e9decins et associations pour parler de la Fibrose Pulmonaire Idiopathique Un fr\u00e8re dAngleterre, qui vivent en Allemagne et en Suisse, et sa fille et ses petits-enfants de Winnipeg laccompagnent durant les derniers jours de son dernier voyage. Nous avons fait des analyses de sang compl\u00e9mentaires, et en attendant, Arthur a eu un premier traitement par cachet dazithromycine et doxycycline durant 21 jours. Les derniers jours, nous avons constat\u00e9 une petite am\u00e9lioration de son \u00e9tat maux de t\u00eate moins invalidants et surtout, il arrivait \u00e0 se mettre \u00e0 quatre pattes sans basculer. A lissue des analyses compl\u00e9mentaires, nous avons trouv\u00e9 des traces dautres bact\u00e9ries bab\u00e9siose, entre autres et Arthur a commenc\u00e9 un deuxi\u00e8me traitement plus cibl\u00e9 Roc\u00e9phine par intraveineuse en perfusion. Merci pour ce magnifique article. Je suis praticienne en soins ayurv\u00e9diques dans le Sud de la France et le d\u00e9but de lapprentissage en tout cas dans cette vie est venu \u00e0 moi en 2009, cest une passion de tous les jours \u00e0 pr\u00e9sent. Y a t il des articles ou livres de toutes les connaissances et recherches qui ont \u00e9t\u00e9 faite au niveau des maladies chroniques, certaines mint\u00e9ressent particuli\u00e8rement telles que les maladies : Lyme, Fibromyalgie, rhumato\u00efde. Merci. Namaste. Isabelle Me revoici en mars 2015, avec une douleur dans la cuisse gauche, puis au genou droit, puis un peu partout dans les muscles et articulations des membres inf\u00e9rieurs et des tendinites. Mon m\u00e9decin me dit quayant \u00e9t\u00e9 trait\u00e9 aux antibiotiques la borr\u00e9liose ne peut pas revenir.  G\u00e9n\u00e9rateur dopportunit\u00e9s de collaborations entre les m\u00e9decins Nous lavons ordonn\u00e9e de mani\u00e8re \u00e0 ce que les questions accompagnent le processus daccueil du patient, du diagnostic et de la proposition th\u00e9rapeutique tab 4.  Lorigine de ma maladie, une chute en accrobranche en colonie de vacances lors du quel je suis rest\u00e9e plusieurs minutes dans un champs dherbes hautes en attendant les pompiers, mais je ne me suis rendue conte de rien.<\/p>\n","protected":false},"excerpt":{"rendered":"<p>rencontre medecin suisse<\/p>\n","protected":false},"author":1,"featured_media":0,"comment_status":"closed","ping_status":"closed","sticky":false,"template":"","format":"standard","meta":{"footnotes":""},"categories":[1],"tags":[],"_links":{"self":[{"href":"http:\/\/mymobilebooster.com\/forum\/wp-json\/wp\/v2\/posts\/3516"}],"collection":[{"href":"http:\/\/mymobilebooster.com\/forum\/wp-json\/wp\/v2\/posts"}],"about":[{"href":"http:\/\/mymobilebooster.com\/forum\/wp-json\/wp\/v2\/types\/post"}],"author":[{"embeddable":true,"href":"http:\/\/mymobilebooster.com\/forum\/wp-json\/wp\/v2\/users\/1"}],"replies":[{"embeddable":true,"href":"http:\/\/mymobilebooster.com\/forum\/wp-json\/wp\/v2\/comments?post=3516"}],"version-history":[{"count":1,"href":"http:\/\/mymobilebooster.com\/forum\/wp-json\/wp\/v2\/posts\/3516\/revisions"}],"predecessor-version":[{"id":3517,"href":"http:\/\/mymobilebooster.com\/forum\/wp-json\/wp\/v2\/posts\/3516\/revisions\/3517"}],"wp:attachment":[{"href":"http:\/\/mymobilebooster.com\/forum\/wp-json\/wp\/v2\/media?parent=3516"}],"wp:term":[{"taxonomy":"category","embeddable":true,"href":"http:\/\/mymobilebooster.com\/forum\/wp-json\/wp\/v2\/categories?post=3516"},{"taxonomy":"post_tag","embeddable":true,"href":"http:\/\/mymobilebooster.com\/forum\/wp-json\/wp\/v2\/tags?post=3516"}],"curies":[{"name":"wp","href":"https:\/\/api.w.org\/{rel}","templated":true}]}}