{"id":3526,"date":"2020-09-26T00:37:51","date_gmt":"2020-09-26T00:37:51","guid":{"rendered":"http:\/\/mymobilebooster.com\/forum\/?p=3526"},"modified":"2020-09-22T03:47:34","modified_gmt":"2020-09-22T03:47:34","slug":"melenchon-rencontre-marine","status":"publish","type":"post","link":"http:\/\/mymobilebooster.com\/forum\/2020\/09\/26\/melenchon-rencontre-marine\/","title":{"rendered":"Melenchon Rencontre Marine"},"content":{"rendered":"<p>Cousinage avec Marine Le Pen par Raymond IV de Roquefeuil qui est son anc\u00eatre \u00e0 la 22\u00e8me g\u00e9n\u00e9ration et le mien \u00e0 la 23\u00e8me. Et, effectivement, la politique na rien \u00e0 voir avec tout cela, cest juste loccasion de se pencher sur certaines personnes. Et bien, on sent la peur au FN..Sachant que Mr Melenchon est \u00e0 meme de demontrer limposture et lindigence du programme FN, ils refusent le debat..Cest \u00e0 limage de ce quest le FN..Ils ont peur de la lumiere..A part linvective, le mensonge et linsulte comme on peut le lire au travers des commentaires de larm\u00e9e du net du parti dextreme-droite, tout nest que vide, manipulation, haine et d\u00e9magogie.. Marine Le Pen sexpliqua, sur le th\u00e8me : au second tour, il faut rassembler, et donc parler avec tout le monde. Sur lUnion europ\u00e9enne, dit-elle, M\u00e9lenchon dit de plus en plus comme nous en 2016, elle avait envi\u00e9 la petite phrase quil avait eue sur les travailleurs d\u00e9tach\u00e9s qui viennent voler le pain des travailleurs fran\u00e7ais. Comme nous, poursuivit-elle, il a le sens de lHistoire, le sens du tragique, un rapport vraiment charnel \u00e0 la France. Il comprend vraiment le pays. Je suis s\u00fbre quil a les larmes aux yeux en \u00e9coutant la Marseillaise. L\u00e0, certains se demand\u00e8rent si elle ne se fichait pas deux. Jean-Luc M\u00e9lenchon entour\u00e9 par plusieurs dizaines milliers de personnes sur le Vieux-Port Photo Robert Poulain Photo Robert Poulain Photo Robert Poulain Bon Marine Le Pen un anc\u00eatre en commun aussi lointain elle nest pas ma tasse de th\u00e9.mais cest si loin. Vous \u00eates abonn\u00e9 au magazine dans sa version papier? Il se rend, le 10 f\u00e9vrier 2013, sur la tombe de, homme politique tunisien assassin\u00e9 quelques jours avant son arriv\u00e9e au Maghreb,. Ministre de la famille et de lenfance de Jacques Chirac Pr\u00e9sident, je voudrais rendre hommage \u00e0 son incomparable courtoisie et confiance malgr\u00e9 la cohabitation. Mes condol\u00e9ances les plus attrist\u00e9es \u00e0 sa famille S\u00e9gol\u00e8ne Royal RoyalSegolene Publi\u00e9 le 29 juin 2019 \u00e0 09h57-Mis \u00e0 jour le 01 juillet 2019 \u00e0 09h17 Article r\u00e9serv\u00e9 \u00e0 nos abonn\u00e9s parce que Martine Gineste voyez-vous, dans ces temps recul\u00e9s la paysannerie riche nexistait pas. Les terres agricoles ont \u00e9t\u00e9 redistribu\u00e9es \u00e0 ceux qui les cultivaient apr\u00e8s la r\u00e9volution et seulement en lopins permettant juste \u00e0 une famille de survivre. Ce sont les diff\u00e9rentes unions qui ont permis dagrandir les exploitations. Ce qui fait de la France un pays agricole de petites exploitations peu concurrentielles avec les grands exploitations allemandes entre autre.  Sophie de Ravinel, Quand M\u00e9lenchon est devenu le benjamin du S\u00e9nat,, 12 ao\u00fbt 2012. Nous ne demandons pas \u00e0 \u00eatre jug\u00e9s diff\u00e9remment de lensemble des citoyens, mais nous demandons \u00e0 \u00eatre jug\u00e9s comme les autres citoyens et non par une justice dexception.  Apr\u00e8s l\u00e9chec des \u00e0 se r\u00e9unir derri\u00e8re une candidature commune, il \u00e9crit sur son blog : Une partie de l\u00e9lectorat politis\u00e9 de la gauche se d\u00e9mobilise. Il ne se sent pas repr\u00e9sent\u00e9. Une partie de la population \u00e9lectorale parmi les d\u00e9sempar\u00e9s par la duret\u00e9 de la vie d\u00e9sorient\u00e9s par labsence dalternative politique radicale intelligible va continuer \u00e0 flotter entre lindiff\u00e9rence \u00e9c\u0153ur\u00e9e et les pouss\u00e9es de col\u00e8re \u00e9lectorale aveugle. Enfin, la centralit\u00e9 de la candidature socialiste \u00e0 gauche est d\u00e9sormais totale, que cela plaise ou pas, parce quelle para\u00eet la seule efficace pour atteindre le programme commun le plus \u00e9l\u00e9mentaire : \u00eatre pr\u00e9sent au deuxi\u00e8me tour et battre la droite, affirmant donc son soutien \u00e0. La d\u00e9faite de cette derni\u00e8re au second tour du scrutin pr\u00e9sidentiel, face au candidat de l, lam\u00e8ne \u00e0 critiquer de mani\u00e8re tr\u00e8s vive la strat\u00e9gie de lex-candidate, notamment par le biais de son livre En qu\u00eate de gauche. La bataille se joue \u00e9galement sur internet o\u00f9 Jean-Luc M\u00e9lenchon a renforc\u00e9 depuis plusieurs mois sa pr\u00e9sence sur les r\u00e9seaux sociaux et notamment sur Youtube o\u00f9 sa cha\u00eene compte plus de 160.000 abonn\u00e9s. <img decoding=\"async\" src=\"http:\/\/www.lepoint.fr\/images\/2018\/05\/18\/14893814lpw-14893829-article-jpg_5252352_660x281.jpg\" alt=\"melenchon rencontre marine\" align=\"left\"> fameux moment de v\u00e9rit\u00e9 au cours duquel la r\u00e9alit\u00e9 appara\u00eet. Jaccepte de recevoir des infos, des jeux et des offres privil\u00e8ges du site En 2011, en r\u00e9action aux propos de selon lesquels les Fran\u00e7ais ont parfois le sentiment de ne plus \u00eatre chez eux du fait dune immigration incontr\u00f4l\u00e9e, Jean-Luc M\u00e9lenchon critique lid\u00e9e dune France blonde aux yeux bleus ; il affirme par la suite ne pas pouvoir survivre dans un pays o\u00f9 il ny a que des blonds aux yeux bleus. Lors de la campagne pr\u00e9sidentielle de 2012, il insiste sur limportance du vivre ensemble et prononce une ode \u00e0 la M\u00e9diterran\u00e9e et au m\u00e9tissage, d\u00e9clarant notamment qu il ny a pas davenir pour la France sans les Arabes et les Berb\u00e8res du Maghreb. Ce discours lui aurait fait perdre des voix, notamment aupr\u00e8s de l\u00e9lectorat populaire blanc,. <img decoding=\"async\" src=\"http:\/\/www.slate.fr\/sites\/default\/files\/1_discordmelenchon.jpg\" alt=\"melenchon rencontre marine\" align=\"center\"> La Cour de cassation vient de d\u00e9bouter la pr\u00e9sidente du FN dans son proc\u00e8s qui lopposait au candidat du Parti de gauche qui lavait trait\u00e9e de fasciste en 2011. Jaccepte volontiers sa proposition. Je lui propose m\u00eame que nous ayons une discussion \u00e0 quelques uns, a d\u00e9clar\u00e9 le vainqueur de la primaire PS sur France 2, au lendemain dune \u00e9mission sur la m\u00eame antenne durant laquelle Jean-Luc M\u00e9lenchon.  estime qu au fond, tout se passe comme si l\u00e9chelon europ\u00e9en lEurope des 28 n\u00e9tait pas lespace de pr\u00e9dilection de Jean-Luc M\u00e9lenchon, qui semble en fait partag\u00e9 entre une d\u00e9fense de l franco-fran\u00e7ais et des inspirations, qui d\u00e9bordent de loin le cadre europ\u00e9en. 6 octobre 2004-30 septembre 2008 : secr\u00e9taire du S\u00e9nat, Jean-Luc M\u00e9lenchon sapplique depuis plusieurs semaines \u00e0 d\u00e9cr\u00e9dibiliser Marine Le Pen en particulier aupr\u00e8s des cat\u00e9gories populaires. Ce qui fait dire au PCF dans un autre communiqu\u00e9 que Marine Le Pen a peur du d\u00e9bat avec le Front de gauche la candidate anti syst\u00e8me a bonne mine \u00e0 la moindre contradiction, elle se d\u00e9ballonne. Elle pr\u00e9f\u00e8re un repr\u00e9sentant du PS ou de lUMP <img decoding=\"async\" src=\"http:\/\/www.slate.fr\/sites\/default\/files\/styles\/1060x523\/public\/five_0.jpg\" alt=\"melenchon rencontre marine\" align=\"left\">.<\/p>\n","protected":false},"excerpt":{"rendered":"<p>melenchon rencontre marine<\/p>\n","protected":false},"author":1,"featured_media":0,"comment_status":"closed","ping_status":"closed","sticky":false,"template":"","format":"standard","meta":{"footnotes":""},"categories":[1],"tags":[],"_links":{"self":[{"href":"http:\/\/mymobilebooster.com\/forum\/wp-json\/wp\/v2\/posts\/3526"}],"collection":[{"href":"http:\/\/mymobilebooster.com\/forum\/wp-json\/wp\/v2\/posts"}],"about":[{"href":"http:\/\/mymobilebooster.com\/forum\/wp-json\/wp\/v2\/types\/post"}],"author":[{"embeddable":true,"href":"http:\/\/mymobilebooster.com\/forum\/wp-json\/wp\/v2\/users\/1"}],"replies":[{"embeddable":true,"href":"http:\/\/mymobilebooster.com\/forum\/wp-json\/wp\/v2\/comments?post=3526"}],"version-history":[{"count":1,"href":"http:\/\/mymobilebooster.com\/forum\/wp-json\/wp\/v2\/posts\/3526\/revisions"}],"predecessor-version":[{"id":3527,"href":"http:\/\/mymobilebooster.com\/forum\/wp-json\/wp\/v2\/posts\/3526\/revisions\/3527"}],"wp:attachment":[{"href":"http:\/\/mymobilebooster.com\/forum\/wp-json\/wp\/v2\/media?parent=3526"}],"wp:term":[{"taxonomy":"category","embeddable":true,"href":"http:\/\/mymobilebooster.com\/forum\/wp-json\/wp\/v2\/categories?post=3526"},{"taxonomy":"post_tag","embeddable":true,"href":"http:\/\/mymobilebooster.com\/forum\/wp-json\/wp\/v2\/tags?post=3526"}],"curies":[{"name":"wp","href":"https:\/\/api.w.org\/{rel}","templated":true}]}}