{"id":3962,"date":"2020-09-27T05:23:18","date_gmt":"2020-09-27T05:23:18","guid":{"rendered":"http:\/\/mymobilebooster.com\/forum\/?p=3962"},"modified":"2020-09-22T17:39:18","modified_gmt":"2020-09-22T17:39:18","slug":"rencontre-photo-chabeuil-2013","status":"publish","type":"post","link":"http:\/\/mymobilebooster.com\/forum\/2020\/09\/27\/rencontre-photo-chabeuil-2013\/","title":{"rendered":"Rencontre Photo Chabeuil 2013"},"content":{"rendered":"<p>Vous avez r\u00eav\u00e9 dune exposition o\u00f9 vous pourriez d\u00e9crocher votre?uvre pr\u00e9f\u00e9r\u00e9e pour lemporter chez vous? Lartoth\u00e8que municipale de Grenoble vous offre cette possibilit\u00e9 en vous invitant \u00e0 choisir parmi les?uvres des photographes et artistes qui ont enrichi sa collection au cours des trois derni\u00e8res ann\u00e9es.  Les monologues du robot ont \u00e9t\u00e9 \u00e9crits sp\u00e9cialement pour la pi\u00e8ce. Trouver la vie \u00e0 la Bourse? La t\u00e2che ne para\u00eet pas insurmontable. Bip\u00e8des qui ont bien voulu accepter la prise de vue. Du 12 au 20 septembre 2020 retrouvez nous \u00e0 Chabeuil pour les 20\u00e8me rencontres de la photographie. Toutes les informations seront disponibles sur le site officiel des rencontres : Afin dassurer \u00e0 nos adh\u00e9rents un entrainement de qualit\u00e9, nous recherchons des volontaires pour encadrer, aider.. Tous cr\u00e9neaux, toutes disciplines et tout public! <img decoding=\"async\" src=\"http:\/\/wac.450f.edgecastcdn.net\/80450F\/tasteofcountry.com\/files\/2012\/11\/Lady-Antebellum.jpg\" alt=\"rencontre photo chabeuil 2013\" align=\"left\"> et La Fabrique de lImage Samedi 23 mars 2013 de 09:00 \u00e0 17:00 Le MAGASIN Centre National dArt Contemporain de Grenoble organise la septi\u00e8me \u00e9dition de son Exposition de No\u00ebl, qui aura lieu du 1er au 29 d\u00e9cembre 2013. Mais lenvie de vous revoir autour de propositions artistiques reste intacte. Nous cherchons des solutions pour imaginer la prochaine saison. Je comprends premi\u00e8rement que lAmour est discr\u00e9dit\u00e9 : il est renvoy\u00e9 \u00e0 une impossibilit\u00e9. Impossibilit\u00e9 du don, impossibilit\u00e9 du recevoir. Nous ne sommes pas loin de quelque chose de tragique parce que toute tentative de nous-m\u00eames \u00e0 aimer semble automatiquement vou\u00e9e \u00e0 l\u00e9chec et \u00e0 la mort, comme dirig\u00e9e par une loi sup\u00e9rieure ou souterraine. Ensuite je me dis que lAmour peut \u00eatre d\u00e9sign\u00e9 comme un processus complexe mais possible. La possibilit\u00e9 amoureuse doit \u00e9merger quand je parviens \u00e0 donner \u00e0 lautre rien, cest-\u00e0-dire quelque chose de d\u00e9sint\u00e9ress\u00e9, au-del\u00e0 de moi-m\u00eame. Et lautre, qui ne veut pas, est celui qui nattend rien, autrement dit, il est lui aussi d\u00e9sint\u00e9ress\u00e9. Sur les d\u00e9sint\u00e9r\u00eats, sur labsence de man\u0153uvres ou de calculs inconscients peut alors commencer \u00e0 exister le vrai Amour. Que pensez-vous de celle de W. Allen : La r\u00e9ponse est oui mais quelle \u00e9tait la question? Finaliste des Talents Contemporains de la Fondation Fran\u00e7ois Schneider France, 2017  <img decoding=\"async\" src=\"http:\/\/apps.tourisme-alsace.info\/photos\/altkirch\/photos\/242010364_1.jpg\" alt=\"rencontre photo chabeuil 2013\" align=\"left\"> Tous les jours sauf lundi, dimanche et jours f\u00e9ri\u00e9s de 15h \u00e0 19h et le samedi de 10h-12h Pour en savoir davantage, y compris comment contr\u00f4ler les cookies, voir : conf\u00e9rence du 12 d\u00e9cembre 2006, sur le Commerce \u00e9quitable, \u00e0 BOURG-LES-VALENCE, salle Fran\u00e7ois Mitterrand, \u00e0 20 h 30. Jours de chantier \u00e0 Bossieu Oeuvre photographique de Gilles Gerbaud et commande communale Vernissage Samedi 18 mai \u00e0 11h Biennale: Bassano Fotografia, Exposition Conf\u00e9rence, Bassano Italie <img decoding=\"async\" src=\"http:\/\/cdn1-elle.ladmedia.fr\/var\/plain_site\/storage\/images\/societe\/l-actu-en-images\/a-leros-rencontre-entre-des-refugies-et-des-volontaires-du-monde-entier\/63564739-1-fre-FR\/A-Leros-rencontre-entre-des-refugies-et-des-volontaires-du-monde-entier.jpg\" alt=\"rencontre photo chabeuil 2013\" align=\"center\"> au bord de.. Photographies de Aude Lavenant DU SAMEDI 30 MARS AU DIMANCHE 28 AVRIL 2013  Au fil de ses expositions, il fait sien ce m\u00e9dium et cr\u00e9e un langage pictural contrast\u00e9 qui se joue de la temporalit\u00e9. Il choisit de sexprimer \u00e0 travers le format carr\u00e9 6&#215;6 en noir et blanc et le long processus de la photographie argentique avec le temps qui s\u00e9coule et le doute toujours pr\u00e9sent \u00e0 chaque \u00e9tape.<\/p>\n","protected":false},"excerpt":{"rendered":"<p>rencontre photo chabeuil 2013<\/p>\n","protected":false},"author":1,"featured_media":0,"comment_status":"closed","ping_status":"closed","sticky":false,"template":"","format":"standard","meta":{"footnotes":""},"categories":[1],"tags":[],"_links":{"self":[{"href":"http:\/\/mymobilebooster.com\/forum\/wp-json\/wp\/v2\/posts\/3962"}],"collection":[{"href":"http:\/\/mymobilebooster.com\/forum\/wp-json\/wp\/v2\/posts"}],"about":[{"href":"http:\/\/mymobilebooster.com\/forum\/wp-json\/wp\/v2\/types\/post"}],"author":[{"embeddable":true,"href":"http:\/\/mymobilebooster.com\/forum\/wp-json\/wp\/v2\/users\/1"}],"replies":[{"embeddable":true,"href":"http:\/\/mymobilebooster.com\/forum\/wp-json\/wp\/v2\/comments?post=3962"}],"version-history":[{"count":1,"href":"http:\/\/mymobilebooster.com\/forum\/wp-json\/wp\/v2\/posts\/3962\/revisions"}],"predecessor-version":[{"id":3963,"href":"http:\/\/mymobilebooster.com\/forum\/wp-json\/wp\/v2\/posts\/3962\/revisions\/3963"}],"wp:attachment":[{"href":"http:\/\/mymobilebooster.com\/forum\/wp-json\/wp\/v2\/media?parent=3962"}],"wp:term":[{"taxonomy":"category","embeddable":true,"href":"http:\/\/mymobilebooster.com\/forum\/wp-json\/wp\/v2\/categories?post=3962"},{"taxonomy":"post_tag","embeddable":true,"href":"http:\/\/mymobilebooster.com\/forum\/wp-json\/wp\/v2\/tags?post=3962"}],"curies":[{"name":"wp","href":"https:\/\/api.w.org\/{rel}","templated":true}]}}