{"id":4024,"date":"2020-09-28T23:15:01","date_gmt":"2020-09-28T23:15:01","guid":{"rendered":"http:\/\/mymobilebooster.com\/forum\/?p=4024"},"modified":"2020-09-22T19:57:52","modified_gmt":"2020-09-22T19:57:52","slug":"rencontres-internationales-forum-vies-mobiles","status":"publish","type":"post","link":"http:\/\/mymobilebooster.com\/forum\/2020\/09\/28\/rencontres-internationales-forum-vies-mobiles\/","title":{"rendered":"Rencontres Internationales Forum Vies Mobiles"},"content":{"rendered":"<p>Chandakas Ektoras, Leurent Fabien, Poulh\u00e8s Alexis Prix sp\u00e9cial de th\u00e8se, universit\u00e9 Paris Est Prix ACTEP Syndicat mixtes d\u00e9tudes et projets de lest Parisien, 7 novembre 2013 Accompagn\u00e9e de Pascale BOYER, d\u00e9put\u00e9e, et de Patricia MORHET-RICHAUD, s\u00e9natrice des Hautes-Alpes, Martine CLAVEL a notamment rappel\u00e9 les mesures mises en place par le Gouvernement pour soutenir particuli\u00e8rement les TPE, ind\u00e9pendants et commer\u00e7ants. Elle a en outre salu\u00e9 la capacit\u00e9 dadaptation et dinnovation de ces professionnels pour faire face \u00e0 cette situation in\u00e9dite. Au programme de notre \u00e9mission en acc\u00e8s libre : notre enqu\u00eate sur la police des polices et les suites de lhommage \u00e0 George Floyd aux \u00c9tats-Unis. Giulio Mattioli est chercheur en transport durable au Sustainability Research Institute et au Institute of Transport Studies \u00e0 luniversit\u00e9 de Leeds Royaume-Uni. Ses recherches portent sur la d\u00e9pendance automobile, sur les inconv\u00e9nients li\u00e9s aux transports et sur les obstacles au d\u00e9ploiement de transports socialement responsables et durables. Il a r\u00e9cemment men\u00e9 un projet de recherche sur laccessibilit\u00e9 des transports, financ\u00e9 par le British Engineering and Physical Sciences Research Council. Il est en charge dun num\u00e9ro \u00e0 para\u00eetre de la revue acad\u00e9mique Politique des transports portant sur les co\u00fbts de transports des m\u00e9nages, la pr\u00e9carit\u00e9 \u00e9conomique et la vuln\u00e9rabilit\u00e9, \u00e0 linterface de la mobilit\u00e9, de l\u00e9nergie domestique et de lemplacement r\u00e9sidentiel. Lexposition d\u00e9di\u00e9e aux abeilles du centre dart contemporain du Parvis \u00e0 Ibos rouvre ses portes jusquau 28 ao\u00fbt avec une s\u00e9rie de rencontres artistiques. Elle avait d\u00fb fermer mi-mars pour cause de covid. Pr\u00e9figuration dun centre dart des abeilles \u00e0 dimension \u00e9cologique \u00e0 Maubourguet sur le site de lentreprise apicole Ballot-Flurin, elle met en valeur des ressources bigourdanes et r\u00e9gionales. , Eco-conception des ensembles b\u00e2tis et des infrastructures  Le conseil municipal dinstallation sest d\u00e9roul\u00e9 jeudi 28 mai \u00e0 18h Espace L\u00e9o-Ferr\u00e9 \u00e0 huis-clos I., Mobilit\u00e9s spatiales, m\u00e9thodologies de collecte, danalyse et de traitement MSFS2018 Natacha Bouchart, Maire et Pr\u00e9sidente de la communaut\u00e9 dagglom\u00e9ration du Calaisis \u03bc\u03b7\u03c7\u03b1\u03bd\u03bf\u03bb\u03bf\u03b3\u03b9\u03ba\u03bf \u03b7\u03c1\u03b1\u03ba\u03bb\u03b5\u03b9\u03bf\u03c5 \u03bc\u03b5\u03c4\u03b1\u03b2\u03b9\u03b2\u03b1\u03c3\u03b5\u03b9\u03c2 \u039c\u03b5\u03af\u03bd\u03b5\u03c4\u03b5 up to date \u03b4\u03b9\u03b1\u03b2\u03ac\u03b6\u03bf\u03bd\u03c4\u03b1\u03c2 \u03ba\u03b1\u03b8\u03b7\u03bc\u03b5\u03c1\u03b9\u03bd\u03ac \u03c4\u03b9 \u03c3\u03c5\u03bc\u03b2\u03b1\u03af\u03bd\u03b5\u03b9 \u03c3\u03b5 \u0395\u03bb\u03bb\u03ac\u03b4\u03b1 \u03ba\u03b1\u03b9 \u03c3\u03b5 \u03b5\u03be\u03c9\u03c4\u03b5\u03c1\u03b9\u03ba\u03cc \u03bc\u03cc\u03bd\u03bf \u03c3\u03c4\u03bf FaShionFReaks.gr.  What lifestyles in the alter-urban suburban rural citta diffusa Zwischenstadt? Galerie N\u00e9on : expo perso Domestication Cin\u00e9matographique-Emmanuel Ravalet, St\u00e9phane Vincent-Geslin, Vincent Kaufmann, Tranches de vie mobile, LocoForum Vies Mobiles, Paris, 2014, Transports Urbains-mobilit\u00e9s r\u00e9seaux territoires <img decoding=\"async\" src=\"http:\/\/www.caravanedesdixmots.com\/caravane\/inde-suvibadra.jpg\" alt=\"rencontres internationales forum vies mobiles\" align=\"center\"> Be a boss Occitanie : le forum des femmes entrepreneuses en Occitanie. <img decoding=\"async\" src=\"http:\/\/www.destination-canada-forum-emploi.ca\/site\/images\/sliders\/home-slide-3.jpg\" alt=\"rencontres internationales forum vies mobiles\" align=\"right\"> NESSI H, 2013, Penser la mobilit\u00e9 \u00e0 partir des personnes, in Collectif, Les usages de la mobilit\u00e9. Pour une ing\u00e9nierie des modes de vie, Loco, pp. 17 \u00e0 43. Reporterre utilise des cookies. Vous pouvez en modifier. En poursuivant votre navigation sur ce site, vous en acceptez lutilisation. Effacer le champ de recherche Lancer la recherche sur le sc\u00e9nario Catalogue Vous \u00eates ici : R\u00e9sultats de la recherche D\u00e9tail du document Pr\u00e9-s\u00e9lectionner des crit\u00e8res de recherche Modifier les crit\u00e8res pr\u00e9-s\u00e9lectionn\u00e9s Be a boss Auvergne-Rh\u00f4ne-Alpes : le forum des femmes entrepreneuses. Vous trouverez ici lensemble des projets de recherche termin\u00e9s auxquels le Forum Vies Mobiles a particip\u00e9. Mimeur Christophe, Poinsot Philippe, Proulhac L, Ruault Jean-Fran\u00e7ois, Terral Laurent <img decoding=\"async\" src=\"http:\/\/www.congoactuel.com\/wp-content\/uploads\/2018\/06\/la_photo_de_famille_a_la_fin_de_la_rencontre_professionnelle_fileminimizer.jpg\" alt=\"rencontres internationales forum vies mobiles\" align=\"right\"> Doctorants de luniversit\u00e9 Sorbonne Paris Nord. Objectif Lorsque vous cr\u00e9ez un site web gratuit avec Wix, vous avez la possibilit\u00e9 dobtenir un personnalis\u00e9. Cela ajoute de la cr\u00e9dibilit\u00e9 \u00e0 votre marque et aide vos potentiels clients \u00e0 vous trouver facilement en ligne. Int\u00e9grez votre nom de domaine dans une adresse e-mail personnalis\u00e9e infomonsitevegan.fr pour communiquer plus efficacement avec vos \u00e9quipes et clients. Pour ralentir la propagation du virus le Premier Ministre a d\u00e9cid\u00e9, le 14 mars dernier, la fermeture de tous les lieux recevant du public non indispensable \u00e0 la vie du pays. De nombreux commerces ont ainsi d\u00fb fermer leurs portes, mais certains ont continu\u00e9 dassurer, dans le respect des mesures de protection sanitaire, la continuit\u00e9 \u00e9conomique du pays.<\/p>\n","protected":false},"excerpt":{"rendered":"<p>rencontres internationales forum vies mobiles<\/p>\n","protected":false},"author":1,"featured_media":0,"comment_status":"closed","ping_status":"closed","sticky":false,"template":"","format":"standard","meta":{"footnotes":""},"categories":[1],"tags":[],"_links":{"self":[{"href":"http:\/\/mymobilebooster.com\/forum\/wp-json\/wp\/v2\/posts\/4024"}],"collection":[{"href":"http:\/\/mymobilebooster.com\/forum\/wp-json\/wp\/v2\/posts"}],"about":[{"href":"http:\/\/mymobilebooster.com\/forum\/wp-json\/wp\/v2\/types\/post"}],"author":[{"embeddable":true,"href":"http:\/\/mymobilebooster.com\/forum\/wp-json\/wp\/v2\/users\/1"}],"replies":[{"embeddable":true,"href":"http:\/\/mymobilebooster.com\/forum\/wp-json\/wp\/v2\/comments?post=4024"}],"version-history":[{"count":1,"href":"http:\/\/mymobilebooster.com\/forum\/wp-json\/wp\/v2\/posts\/4024\/revisions"}],"predecessor-version":[{"id":4025,"href":"http:\/\/mymobilebooster.com\/forum\/wp-json\/wp\/v2\/posts\/4024\/revisions\/4025"}],"wp:attachment":[{"href":"http:\/\/mymobilebooster.com\/forum\/wp-json\/wp\/v2\/media?parent=4024"}],"wp:term":[{"taxonomy":"category","embeddable":true,"href":"http:\/\/mymobilebooster.com\/forum\/wp-json\/wp\/v2\/categories?post=4024"},{"taxonomy":"post_tag","embeddable":true,"href":"http:\/\/mymobilebooster.com\/forum\/wp-json\/wp\/v2\/tags?post=4024"}],"curies":[{"name":"wp","href":"https:\/\/api.w.org\/{rel}","templated":true}]}}