{"id":4154,"date":"2020-09-28T16:17:01","date_gmt":"2020-09-28T16:17:01","guid":{"rendered":"http:\/\/mymobilebooster.com\/forum\/?p=4154"},"modified":"2020-09-23T00:17:51","modified_gmt":"2020-09-23T00:17:51","slug":"rencontre-internationale-des-familles-milan-2012","status":"publish","type":"post","link":"http:\/\/mymobilebooster.com\/forum\/2020\/09\/28\/rencontre-internationale-des-familles-milan-2012\/","title":{"rendered":"Rencontre Internationale Des Familles Milan 2012"},"content":{"rendered":"<p>Emmanuel Bellanger, Antoine Renglet, Louvain-la-Neuve!rtl:end:ignoredisplay:-ms-grid;display:grid;-ms-grid-columns:50 1fr;grid-template-columns:50 1fr;-ms-grid-rows:auto;grid-template-rows:auto.wp-block-media-text.has-media-on-the-right-ms-grid-columns:1fr 50;grid-template-columns:1fr 50.wp-block-media-text.is-vertically-aligned-top.wp-block-media-text__content.wp-block-media-text.is-vertically-aligned-top.wp-block-media-text__media-ms-grid-row-align:start;align-self:start.wp-block-media-text.is-vertically-aligned-center.wp-block-media-text__content.wp-block-media-text.is-vertically-aligned-center.wp-block-media-text__media.wp-block-media-text.wp-block-media-text__content.wp-block-media-text.wp-block-media-text__media-ms-grid-row-align:center;align-self:center.wp-block-media-text.is-vertically-aligned-bottom.wp-block-media-text__content.wp-block-media-text.is-vertically-aligned-bottom.wp-block-media-text__media-ms-grid-row-align:end;align-self:end.wp-block-media-text.wp-block-media-text__media Colloque : Self-Interest and Good Order. Economisation of the World in the 17th century, 14th Annual Meeting of the Wolfenb\u00fcttel Working Circle for Baroque Research Dieu confie au couple humain sa cr\u00e9ation pour quil la garde, la cultive, la Bacqu\u00e9, M-F 2011. Deuil traumatog\u00e8ne. Les mots du trauma. In F. Lebigot C. Damiani \u00c9ds, Dictionnaire du traumatisme p 5456. Paris.P. Duval Eds.  Bacqu\u00e9 M-F, Dazord A, Mass\u00e9 \u00c9, De Carmoy GR, Fleury B,1995. Measurement of quality of life in Obstructive Sleep Apnea Syndrome. Congr\u00e8s international de lAmerican thoracic Society. Seattle, Washington. 1993  Colloque : 82e du Congr\u00e8s de lAcfas Colloque 607-D\u00e9veloppement local et patrimoine mondial : attirer les touristes ou int\u00e9grer les habitants? Le troisi\u00e8me et dernier volet du cycle sur les \u00e9tats limites concernera les voies de sortie des \u00e9tats limites, sur les modes de la structuration symptomatique, de ladh\u00e9sion \u00e0 la norme ou encore de la cr\u00e9ation artistique. Comme dans les volets pr\u00e9c\u00e9dents 2009 : Panorama g\u00e9n\u00e9ral, 2011 : Aspects de lenfance, ce colloque abordera des Lexpertise scientifique pour le programme euro-m\u00e9diterran\u00e9en MEDMEM Association Canadienne-Fran\u00e7aise pour lAvancement des Sciences ACFAS, Qu\u00e9bec Si vous \u00eates press\u00e9e Le choix du vin d\u00e9pendra donc du type de viande! Pour la viande rouge : Un Languedoc en rouge: Cuv\u00e9e K de LOustal Blanc-Un vin <img decoding=\"async\" src=\"http:\/\/www.kukkiwon.or.kr\/kwinc\/images\/img_popup_180904.jpg\" alt=\"rencontre internationale des familles milan 2012\" align=\"right\"> 60 Bayern Munich Thiago: Nous sommes \u00e0 1-1 \u00e0 la 93e minute, cest donc tout naturellement que je tente un ciseau acrobatique pour donner la victoire \u00e0 mon \u00e9quipe \u00e9lev\u00e9s et en les soutenant dans leur fragilit\u00e9. Mais vous aussi les enfants-Les Liens humains dans la litt\u00e9rature, The University of Chicago, Paris center, 28 avril 2011 : Montaigne et Pierre Eyquem : le meilleur des fils du meilleur des p\u00e8res. <img decoding=\"async\" src=\"http:\/\/en-chair-et-en-son.fr\/images\/programme\/Alishina.jpg\" alt=\"rencontre internationale des familles milan 2012\" align=\"center\"> \u00e0 loccasion de lAnn\u00e9e internationale de la famille proclam\u00e9e par les Nations Unies. Rassurez-vous! Vos coordonn\u00e9es e-mail ne seront en aucun cas divulgu\u00e9es par Famille Chr\u00e9tienne!  Cr\u00e9ez un compte gratuit pour commencer \u00e0 utiliser cette fonctionnalit\u00e9 Graffi J. Quoix E. Molard A. Bacqu\u00e9 M-F. 2013 Personality factors in adhesion to Tobacco cessation after lung cancer diagnosis. 15 th World congress of International Psycho-Oncology Society, Rotterdam, Nederlands. <img decoding=\"async\" src=\"http:\/\/images.andrearosengallery.com\/www_andrearosengallery_com\/1026302444bogota_3.jpg\" alt=\"rencontre internationale des familles milan 2012\" align=\"left\"> Bacqu\u00e9 M-F, 2012 Lannonce dune maladie l\u00e9tale ou chronique. Colloque du laboratoire de recherche p\u00e9dagogique en sant\u00e9. Strasbourg le 23 Mars 2012. Dessin comm\u00e9moratif : 100 e anniversaire de la mort de Giovanni Pascoli Naissance de la subjectivit\u00e9 chez lenfant : 12HCM 18ETD.<\/p>\n","protected":false},"excerpt":{"rendered":"<p>rencontre internationale des familles milan 2012<\/p>\n","protected":false},"author":1,"featured_media":0,"comment_status":"closed","ping_status":"closed","sticky":false,"template":"","format":"standard","meta":{"footnotes":""},"categories":[1],"tags":[],"_links":{"self":[{"href":"http:\/\/mymobilebooster.com\/forum\/wp-json\/wp\/v2\/posts\/4154"}],"collection":[{"href":"http:\/\/mymobilebooster.com\/forum\/wp-json\/wp\/v2\/posts"}],"about":[{"href":"http:\/\/mymobilebooster.com\/forum\/wp-json\/wp\/v2\/types\/post"}],"author":[{"embeddable":true,"href":"http:\/\/mymobilebooster.com\/forum\/wp-json\/wp\/v2\/users\/1"}],"replies":[{"embeddable":true,"href":"http:\/\/mymobilebooster.com\/forum\/wp-json\/wp\/v2\/comments?post=4154"}],"version-history":[{"count":1,"href":"http:\/\/mymobilebooster.com\/forum\/wp-json\/wp\/v2\/posts\/4154\/revisions"}],"predecessor-version":[{"id":4155,"href":"http:\/\/mymobilebooster.com\/forum\/wp-json\/wp\/v2\/posts\/4154\/revisions\/4155"}],"wp:attachment":[{"href":"http:\/\/mymobilebooster.com\/forum\/wp-json\/wp\/v2\/media?parent=4154"}],"wp:term":[{"taxonomy":"category","embeddable":true,"href":"http:\/\/mymobilebooster.com\/forum\/wp-json\/wp\/v2\/categories?post=4154"},{"taxonomy":"post_tag","embeddable":true,"href":"http:\/\/mymobilebooster.com\/forum\/wp-json\/wp\/v2\/tags?post=4154"}],"curies":[{"name":"wp","href":"https:\/\/api.w.org\/{rel}","templated":true}]}}