{"id":4324,"date":"2020-09-28T17:42:09","date_gmt":"2020-09-28T17:42:09","guid":{"rendered":"http:\/\/mymobilebooster.com\/forum\/?p=4324"},"modified":"2020-09-23T06:07:00","modified_gmt":"2020-09-23T06:07:00","slug":"rencontrer-un-elfe","status":"publish","type":"post","link":"http:\/\/mymobilebooster.com\/forum\/2020\/09\/28\/rencontrer-un-elfe\/","title":{"rendered":"Rencontrer Un Elfe"},"content":{"rendered":"<p>Le suivi r\u00e9gulier de lenfant permet dobserver son \u00e9volution, celle de sa famille et de son environnement. Il permet \u00e9galement de garder le contact avec la famille et de lui rendre compte au fur et \u00e0 mesure des avanc\u00e9es de l\u00e9tude. La d\u00e9dicace de Roland et Claudine Sabatier est tr\u00e8s belle. Vie et meurt en se fl\u00e9trissant comme une fleure priv\u00e9e contres toutes les petites armes de m\u00eal\u00e9es utilisables Le, qui \u00e9tait alors encore pr\u00e9sid\u00e9 par C\u00e9narius lui-m\u00eame, ne simpliquait pas activement dans le gouvernement, car il comptait parmi ses adeptes des druides dautres esp\u00e8ces. Bien quil arrivait quelques fois que larchidruide Hurlorage prenne part aux d\u00e9cisions gouvernementales, les druides restaient g\u00e9n\u00e9ralement \u00e0 l\u00e9cart. Les elfes deviendraient adultes vers 100 ans et ils pourraient esp\u00e9rer d\u00e9passer les 500 ans.  Ah les elfes noirs de ADD! Ils ont toujours \u00e9t\u00e9 mes cr\u00e9atures pr\u00e9f\u00e9r\u00e9es. Il y a de moins en moins de for\u00eat.. Enfin, je me pose beaucoup de question autant des Dragons, Elfes qui vivent dans lastral terrestre. Mais cest pas possible quil ait le m\u00eame paysage que nous, ils ont pas Paris, pas la France enfin vous voyez ce que je veux dire? Cest une autre dimension dans lastral attacher \u00e0 la Terre mais ils ont leur propre paysage. Pour mieux vous faire comprendre : A propos de la guerre elfique et humaine, jen ai entendu parl\u00e9 aussi, je sais plus vraiment ou je sais m\u00eame pas si javais r\u00eavais. Mais je crois en avoir entendu parl\u00e9, sois dans un livre sur les elfes au CDI du coll\u00e8ge ou sur internet, Kyllis sur tu est encore sur ce forum je voudrais en discuter avec toi. Dans ma t\u00eate je sais m\u00eame pas si jai invent\u00e9 ce qui cest vaguement passer pendant cette guerre, si tu est encore sur ce forum Kyllis contact moi sur mon Skype ou mon adresse Gmail, et je pourrais te raconter ce que je pense savoir. Mon Skype : Shikagamis, mon adresse Gmail : shikagamis369gmail.com. Jattendrai ta r\u00e9ponse. Elfondine moi je veu bien taider mais cest la veriter que tes une demi efle si cest vrai ta de la chance moi jai d\u00e9j\u00e0 vus des truc que tu imaginerait jai vus un demon des fant\u00f4me.spectre goule gnom farfadet et aussi une des mes meilleure ami est mort exorciser allor je veu bien taider moi jai trouver id\u00e9e il faut acheter un m\u00e9daillon Elfique est aller dans les bois il a plein esp\u00e8ce de elfe <img decoding=\"async\" src=\"http:\/\/www.subject.heatmapmedia.com\/Files\/26479\/Img\/18\/Scan-0056-big.jpg\" alt=\"rencontrer un elfe\" align=\"center\">  utilis\u00e9es, les elfes de la nuits ont la possibilit\u00e9s <img decoding=\"async\" src=\"http:\/\/kildjan.free.fr\/RO\/Peuples\/Elfes\/Precis_TelQuessir_DD3\/Precis_TelQuessir_DD3_fichiers\/Illust_Elfe_Argente.jpg\" alt=\"rencontrer un elfe\" align=\"center\"> Conf\u00e9rences participatives avec les familles Elfe, interviews de chercheurs, films de pr\u00e9sentation de lenqu\u00eate D\u00e9couvrez les coulisses de l\u00e9tude en images-Si il \u00e9t\u00e9 possible dentrer dans le monde des elfes avec leur autorisation  Remarque : limage est encadr\u00e9e de bordures de 2,5 \u00e0 5 cm. Leur largeur varie en fonction des dimensions de limage. Nh\u00e9site pas \u00e0 donner ton avis sur les travaux de la Compagnie, et, plus g\u00e9n\u00e9ralement sur toutes les interventions des participants du forum! Jesp\u00e8re que vous allez la recontacter, jai vraiment envi de discuter avec elle. Un elfe est d\u00e9shonor\u00e9 sil est lib\u00e9r\u00e9 car il doit servir ses ma\u00eetres. V\u00e9rifiez votre boite de r\u00e9ception ou votre r\u00e9pertoire dind\u00e9sirables pour confirmer votre abonnement. Les armures de haute qualit\u00e9 fabriqu\u00e9es par les Elfes des Neiges ne sont pas en m\u00e9tal, mais en \u00e9caille de dragon blanc, car les ils ont gard\u00e9 ce savoir faire de leurs anc\u00eatres. Une armure de cette fabrication a des capacit\u00e9s \u00e9quivalentes \u00e0 celles dune cotte de mailles elfique, mais un artisan ne saura pas la fabriquer avant d\u00eatre un druide de niveau 7. <img decoding=\"async\" src=\"http:\/\/novicesdesroyaumes.free.fr\/Races\/Images\/ElfeMers.gif\" alt=\"rencontrer un elfe\" align=\"left\"> Le savais-tu? Elle vit dans la montagne avec son amie loiseau Pluma.<\/p>\n","protected":false},"excerpt":{"rendered":"<p>rencontrer un elfe<\/p>\n","protected":false},"author":1,"featured_media":0,"comment_status":"closed","ping_status":"closed","sticky":false,"template":"","format":"standard","meta":{"footnotes":""},"categories":[1],"tags":[],"_links":{"self":[{"href":"http:\/\/mymobilebooster.com\/forum\/wp-json\/wp\/v2\/posts\/4324"}],"collection":[{"href":"http:\/\/mymobilebooster.com\/forum\/wp-json\/wp\/v2\/posts"}],"about":[{"href":"http:\/\/mymobilebooster.com\/forum\/wp-json\/wp\/v2\/types\/post"}],"author":[{"embeddable":true,"href":"http:\/\/mymobilebooster.com\/forum\/wp-json\/wp\/v2\/users\/1"}],"replies":[{"embeddable":true,"href":"http:\/\/mymobilebooster.com\/forum\/wp-json\/wp\/v2\/comments?post=4324"}],"version-history":[{"count":1,"href":"http:\/\/mymobilebooster.com\/forum\/wp-json\/wp\/v2\/posts\/4324\/revisions"}],"predecessor-version":[{"id":4325,"href":"http:\/\/mymobilebooster.com\/forum\/wp-json\/wp\/v2\/posts\/4324\/revisions\/4325"}],"wp:attachment":[{"href":"http:\/\/mymobilebooster.com\/forum\/wp-json\/wp\/v2\/media?parent=4324"}],"wp:term":[{"taxonomy":"category","embeddable":true,"href":"http:\/\/mymobilebooster.com\/forum\/wp-json\/wp\/v2\/categories?post=4324"},{"taxonomy":"post_tag","embeddable":true,"href":"http:\/\/mymobilebooster.com\/forum\/wp-json\/wp\/v2\/tags?post=4324"}],"curies":[{"name":"wp","href":"https:\/\/api.w.org\/{rel}","templated":true}]}}