{"id":4392,"date":"2020-09-28T21:29:20","date_gmt":"2020-09-28T21:29:20","guid":{"rendered":"http:\/\/mymobilebooster.com\/forum\/?p=4392"},"modified":"2020-09-23T08:40:57","modified_gmt":"2020-09-23T08:40:57","slug":"rencontre-entre-catholique","status":"publish","type":"post","link":"http:\/\/mymobilebooster.com\/forum\/2020\/09\/28\/rencontre-entre-catholique\/","title":{"rendered":"Rencontre Entre Catholique"},"content":{"rendered":"<p>Cette r\u00e9ception par la Conf\u00e9rence des \u00e9v\u00eaques de France sinscrit dans une s\u00e9rie de rencontres publiques dEmmanuel Macron avec les diff\u00e9rents cultes. Le pr\u00e9sident de la R\u00e9publique avait rompu le je\u00fbne des musulmans en juin 2017, f\u00eat\u00e9 le 500e anniversaire de la R\u00e9forme avec les protestants \u00e0 Paris en septembre 2017, et particip\u00e9 au d\u00eener du Crif en mars. L\u00c9tat soigne ainsi son dialogue avec les diff\u00e9rentes associations religieuses. Migrants, bio\u00e9thique, la\u00efcit\u00e9 : les d\u00e9saccords Comit\u00e9 international de liaison entre Juifs et Catholiques Romains, Apr\u00e8s la Shoa. Juifs et chr\u00e9tiens s interrogent. Rencontre de Prague 6-9 septembre 1990, 1991-Pers\u00e9e <img decoding=\"async\" src=\"http:\/\/www.alliance-chretienne.com\/style\/qui-sommes-nous\/sylvie-suchet.jpg\" alt=\"rencontre entre catholique\" align=\"center\">  Site de rencontre chr\u00e9tien et catholique pour de vrais rencontres chr\u00e9tiennes Que tout le monde, quil soit croyant ou pas, lise lincroyable lettre quil ma adress\u00e9e. Le Pr\u00e9sident am\u00e9ricain, Donald Trump, vient de remercier ainsi le leader global des catholiques traditionalistes, larchev\u00eaque Carlo Maria Vigan\u00f2, ancien nonce apostolique aux \u00c9tats-Unis. L\u00e9v\u00eaque Prodrome de Toliara et du sud de Madagascar a annonc\u00e9 que la premi\u00e8re \u00e9glise d\u00e9di\u00e9e \u00e0 saint Joseph lH\u00e9sychaste r\u00e9cemment canonis\u00e9 par le.. <img decoding=\"async\" src=\"http:\/\/www.cathobel.be\/wp-content\/uploads\/2018\/04\/2018-05-05-rencontre-interculturelle-des-jeunes-356x500.jpg\" alt=\"rencontre entre catholique\" align=\"left\"> Une erreur est survenue pendant lex\u00e9cution de la requ\u00eate. LEglise catholique sur fond de guerre antidrogue meurtri\u00e8re et volont\u00e9 de r\u00e9tablir la peine de mort. Nous sommes quelques la\u00efcs catholiques, dans la tranche d\u00e2ges 30-50 ans. Ce qui nous unit, cest notre Foi catholique et notre d\u00e9sir, au fil de lactualit\u00e9, de r\u00e9fl\u00e9chir \u00e0 voix haute sur la fa\u00e7on de lappliquer dans la soci\u00e9t\u00e9 actuelle. La reine Mathilde et la princesse Eleonore \u00e0 la rencontre des sans-abri \u00e0 Bruxelles Il regrette que parfois les Chr\u00e9tiens soient associ\u00e9s \u00e0 une image radicale : Togo Times-Cameroun: Mgr Michel Nyemb, gu\u00e9rit du covid-19, soigne \u00e0 son tour des personnes infect\u00e9es https:t.coC6YMsjt9MF Nous sommes tr\u00e8s sensibles aux souffrances de nos fr\u00e8res chr\u00e9tiens et de ceux qui voudraient le devenir, en certains pays o\u00f9 ils se trouvent marginalis\u00e9s comme citoyens ou comme croyants. Avec les responsables des communaut\u00e9s musulmanes, nous devons progresser dans la compr\u00e9hension et le respect des droits de lhomme, et particuli\u00e8rement du droit \u00e0 la libert\u00e9 religieuse 27 qui est un principe fondamental du droit international. Sans doute une libert\u00e9 ne se monnaye pas, mais ce qui garantit la dignit\u00e9 des musulmans quand ils sont minoritaires doit assurer aussi celle des chr\u00e9tiens l\u00e0 o\u00f9 ils le sont \u00e9galement. Nous souhaitons que les musulmans qui vivent chez nous se fassent avec nous, et avec tous les citoyens attach\u00e9s \u00e0 l\u00c9tat de droit, les ardents d\u00e9fenseurs de la libert\u00e9 religieuse dans les pays o\u00f9 elle nest pas respect\u00e9e. L\u00e9tape 5 : le lien cr\u00e9\u00e9 doit se renforcer chaque jour. L\u00e9tape 5 consiste \u00e0 comprendre notre part daction dans une relation de qualit\u00e9. Cest ainsi en finir avec les relations qui partent sur les chapeaux de roue et se terminent mal, trop t\u00f4t. L\u00e9tape 5 nous apprend \u00e0 garder ouverte cette connexion \u00e9motionnelle qui fait quon se sent attach\u00e9e \u00e0 lautre, \u00e9pris. Courriel : sainteclaireentreloireetrhinsgmail.com Message de Th\u00e9r\u00e8se Lebrun, Pr\u00e9sident-Recteur d\u00e9l\u00e9gu\u00e9 Sant\u00e9Social de lUniversit\u00e9 Catholique de Lille, qui vous partage la r\u00e9alit\u00e9 du terrain dans nos \u00e9tablissements.  Ces derni\u00e8res ann\u00e9es ont \u00e9t\u00e9 marqu\u00e9es par le d\u00e9bat sur la mani\u00e8re dancrer la culture de la paix, du vivre-ensemble et de la solidarit\u00e9 dans un climat charg\u00e9 de man\u0153uvres politiciennes, id\u00e9ologiques, par la mont\u00e9e de lextr\u00eame-droite et les r\u00e9percussions de choix \u00e9conomiques comme la mondialisation ou la crise mondiale. Une situation aggrav\u00e9e par les actes terroristes qui ont frapp\u00e9 de plein fouet toute politique de rapprochement et de solidarit\u00e9 et engendr\u00e9 une vague de racisme et de haine envers les \u00e9trangers, en particulier les musulmans, accentu\u00e9e par les migrations massives en 2015.  Sur les autres unit\u00e9s p\u00e9dagogiques, dans le second degr\u00e9 coll\u00e8ges et lyc\u00e9es, il y a un responsable p\u00e9dagogique identifi\u00e9 qui est linterlocuteur privil\u00e9gi\u00e9. Coll\u00e8ge des Bernardins, lieu de rencontres, de culture, de recherche et de formation Temps \u0153cum\u00e9nique de rencontre au Patronage entre catholiques et protestants L\u00c9glise catholique veut rendre plus visible son dialogue avec l\u00c9tat, explique Gauthier Vaillant, journaliste au service Religions de La Croix. Ce dialogue existe, notamment au niveau local car les \u00e9v\u00eaques \u00e9changent beaucoup avec les pr\u00e9fets et les \u00e9lus, mais il doit \u00eatre rendu visible, dans un contexte o\u00f9 le catholicisme devient minoritaire dans la soci\u00e9t\u00e9 fran\u00e7aise. L\u00c9tat soigne son dialogue avec les cultes Le Monde utilise des cookies pour vous offrir une exp\u00e9rience utilisateur de qualit\u00e9, mesurer laudience, optimiser les fonctionnalit\u00e9s des r\u00e9seaux sociaux et vous proposer des publicit\u00e9s personnalis\u00e9es. En poursuivant votre navigation sur ce site, vous acceptez lutilisation de cookies dans les conditions pr\u00e9vues par notre. <img decoding=\"async\" src=\"http:\/\/ustke.org\/photos\/medium_ag%20ens%20ddec-f.jpg\" alt=\"rencontre entre catholique\" align=\"center\">.<\/p>\n","protected":false},"excerpt":{"rendered":"<p>rencontre entre catholique<\/p>\n","protected":false},"author":1,"featured_media":0,"comment_status":"closed","ping_status":"closed","sticky":false,"template":"","format":"standard","meta":{"footnotes":""},"categories":[1],"tags":[],"_links":{"self":[{"href":"http:\/\/mymobilebooster.com\/forum\/wp-json\/wp\/v2\/posts\/4392"}],"collection":[{"href":"http:\/\/mymobilebooster.com\/forum\/wp-json\/wp\/v2\/posts"}],"about":[{"href":"http:\/\/mymobilebooster.com\/forum\/wp-json\/wp\/v2\/types\/post"}],"author":[{"embeddable":true,"href":"http:\/\/mymobilebooster.com\/forum\/wp-json\/wp\/v2\/users\/1"}],"replies":[{"embeddable":true,"href":"http:\/\/mymobilebooster.com\/forum\/wp-json\/wp\/v2\/comments?post=4392"}],"version-history":[{"count":1,"href":"http:\/\/mymobilebooster.com\/forum\/wp-json\/wp\/v2\/posts\/4392\/revisions"}],"predecessor-version":[{"id":4393,"href":"http:\/\/mymobilebooster.com\/forum\/wp-json\/wp\/v2\/posts\/4392\/revisions\/4393"}],"wp:attachment":[{"href":"http:\/\/mymobilebooster.com\/forum\/wp-json\/wp\/v2\/media?parent=4392"}],"wp:term":[{"taxonomy":"category","embeddable":true,"href":"http:\/\/mymobilebooster.com\/forum\/wp-json\/wp\/v2\/categories?post=4392"},{"taxonomy":"post_tag","embeddable":true,"href":"http:\/\/mymobilebooster.com\/forum\/wp-json\/wp\/v2\/tags?post=4392"}],"curies":[{"name":"wp","href":"https:\/\/api.w.org\/{rel}","templated":true}]}}