{"id":4748,"date":"2020-09-29T00:56:37","date_gmt":"2020-09-29T00:56:37","guid":{"rendered":"http:\/\/mymobilebooster.com\/forum\/?p=4748"},"modified":"2020-09-23T20:40:56","modified_gmt":"2020-09-23T20:40:56","slug":"resume-rencontres-en-haut-de-la-tour-eiffel","status":"publish","type":"post","link":"http:\/\/mymobilebooster.com\/forum\/2020\/09\/29\/resume-rencontres-en-haut-de-la-tour-eiffel\/","title":{"rendered":"Resume Rencontres En Haut De La Tour Eiffel"},"content":{"rendered":"<p>Montait ni descendait, et sous ce grand parasol douate, nous, nous deux acteurs, v\u00eatus en phonographes, la bo\u00eete contenant le corps, le pavillon Parce quune autre personne ou vous est en train de lire Le Monde avec ce compte sur un autre appareil. Explorez les plus beaux pays \u00e0 travers des reportages photo \u00e9poustouflants et des carnets de voyages \u00e9tonnants. Un magazine qui vous permet de voir le monde autrement. Alphand \u00e0 son tour r\u00e9pondait directement aux artistes : Messieurs Victorien Sardou, Alexandre Dumas, Fran\u00e7ois Copp\u00e9e et vous tous qui avez d\u00e9livr\u00e9 ce message charg\u00e9 dun fort ressentiment et dune grande crainte de ce monstre dacier, consid\u00e9rez-vous que cette g\u00e9ante m\u00e9tallique imposerait le d\u00e9shonneur de Paris aux yeux du monde? Vous me parlez dune tour de Babel  <img decoding=\"async\" src=\"http:\/\/www.caqrlsonerna.ga\/sites\/default\/files\/revuepresse\/nicolas-paciello.jpg\" alt=\"resume rencontres en haut de la tour eiffel\" align=\"center\"> Enfin, pour la plus grande gloire de Paris ; et donc de la France, ceux qui auront le courage doser grimper au sommet de cette d\u00e9couvriront alors un paysage \u00e0 nul autre pareil, ils pourront alors admirer notre somptueuse cit\u00e9 dans tout son \u00e9clat, la d\u00e9couvrant dun point \u00e0 un autre avec son \u00e9clatante beaut\u00e9 qui \u00e9tonnera toujours les foules. Voil\u00e0 pourquoi, je macharne \u00e0 faire aboutir ce projet de qui a besoin des efforts de tous, mais surtout, de laccord de tous. Notre geste ne peut \u00eatre critiqu\u00e9, mais doit \u00eatre encourag\u00e9, notre projet doit \u00eatre plac\u00e9 dans ladmiration de tous les bons fran\u00e7ais.  La vue est le sens qui permet dobserver et danalyser lenvironnement par la r\u00e9ception et linterpr\u00e9tation des rayonnements lumineux. A\u00e9rienne de lExposition universelle de Paris de 1889 \u00e0 loccasion de laquelle la tour Eiffel fut construite. Au Parlement ou dans les minist\u00e8res, nous parviendrions \u00e0 mettre laffaire en La construction de la tour Eiffel 10 avril 1888-10 mai 1888. <img decoding=\"async\" src=\"http:\/\/www.minelli.fr\/media-607\/catalog\/product\/cache\/1\/small_image\/224x280\/9df78eab33525d08d6e5fb8d27136e95\/Y\/v\/petits-sacs-nour-2_synthetique__minelli-b411689e958f4e46b4b481e6ee00267a-a.jpg\" alt=\"resume rencontres en haut de la tour eiffel\" align=\"left\"> 10h00-10h30 : Dire la r\u00e9forme? Enqu\u00eate sur le lexique dit rer\u00e9formateur dans les corpus diplomatiques et th\u00e9ologiques haut Moyen \u00c2ge-XIII e si\u00e8cle Nicolas Perreaux, ing\u00e9nieur de recherches, LaMOP Le mercredi 06 avril 2011, Romuald expose une partie de sa collection de mod\u00e8les LEGO. Ils vous.. Communiqu\u00e9 de presse du SHARK Helmets Grand Prix de France 2020 Un saint de l\u00e9cologie. Saint Fran\u00e7ois dAssise na pas attendu la Cop 21 ou lencyclique du pape Fran\u00e7ois pour voir dans la nature un formidable \u00e9quilibre quil faut louer et pr\u00e9server. Les v\u00e9rit\u00e9s 2018 Lenfer est pav\u00e9 de bonnes intentions. Pour l\u00e9viter, accepter les r\u00e9alit\u00e9s avec les vrais chiffres est un pr\u00e9alable \u00e0 toute politique et \u00e0 toute g\u00e9opolitique comme des menottes, un bourdaloue rehauss\u00e9 dencre sur la t\u00eate.  BG: Concernant lactualit\u00e9 de la ligne, la gare de Pont de lAlma ferme tous les jours \u00e0 partir de 13h par mesure de s\u00e9curit\u00e9 et la gare de Champ de Mars ferme certains jours \u00e0 partir de 19h30. On profite de lEuro pour renforcer notre dispositif daccueil des touristes, avec un accueil multilingue dans certaines gares et le wifi. Le chef Ollie Clarke se lance dans la vente \u00e0 emporter. Retrouvez les bons petits plats du restaurant Le Bon Endroit, du mardi au samedi. Conform\u00e9ment au R\u00e8glement G\u00e9n\u00e9ral sur la Protection des Donn\u00e9es RGPD, ALTEN met en \u0153uvre des traitements de donn\u00e9es \u00e0 caract\u00e8re personnel. Pour en savoir plus sur le ou les traitements de vos donn\u00e9es. Copyright 2020 Le Paris dAlexis Propuls\u00e9 par D\u00e9filer vers le haut Il fallait \u00e9viter un scandale pour sauver les sponsors de lathl\u00e9tisme: lancien patron de lantidopage \u00e0 la f\u00e9d\u00e9ration internationale IAAF, le Fran\u00e7ais Gabriel Doll\u00e9, a tent\u00e9 dexpliquer ses arrangements lundi, au premier jour du proc\u00e8s \u00e0 Paris pour corruption sur fond de dopage en Russie. <img decoding=\"async\" src=\"http:\/\/www.mytoureiffel.paris\/wp-content\/uploads\/2017\/01\/paris-tour-eiffel-en-miniature-visoterra-69770-1024x768.jpg\" alt=\"resume rencontres en haut de la tour eiffel\" align=\"right\"> Dans le cadre dune s\u00e9rie de rencontres programm\u00e9e \u00e0 Censier, artistes et acteurs de la vie th\u00e9\u00e2trale sont invit\u00e9s par lInstitut d\u00e9tudes Th\u00e9\u00e2trales \u00e0 venir \u00e9voquer, en lien avec la programmation parisienne de la saison, leur actualit\u00e9 artistique et leur vision du th\u00e9\u00e2tre. Notre politique unique de d\u00e9veloppement des talents, notre universit\u00e9 interne certifiante Amplify et nos acad\u00e9mies sp\u00e9cialis\u00e9es DevOps Academy, Cybersecurity Academy, Testing Academy vous aident \u00e0 monter en comp\u00e9tences. Des communaut\u00e9s techniques favorisent \u00e9galement les rencontres, les \u00e9changes dinformation et de bonnes pratiques. Laurent Amiotte-Suchet, Haute \u00e9cole sp\u00e9cialis\u00e9e de Suisse occidentale HES-SO et Annick Anchisi, Haute \u00e9cole sp\u00e9cialis\u00e9e de Suisse occidentale HES-SO Les moines et moniales, \u00e0 distance du monde dans leurs monast\u00e8res, seraient-ilselles \u00e0 labri de la pand\u00e9mie qui nous confine aujourdhui? lentement, en fonction de la position de la cabine. On les voit sortir doucement de leurs supports, et y re-entrer au cycle suivant. En 2004. On sait combien elles ont eu denfants avant 34 ans, et.<\/p>\n","protected":false},"excerpt":{"rendered":"<p>resume rencontres en haut de la tour eiffel<\/p>\n","protected":false},"author":1,"featured_media":0,"comment_status":"closed","ping_status":"closed","sticky":false,"template":"","format":"standard","meta":{"footnotes":""},"categories":[1],"tags":[],"_links":{"self":[{"href":"http:\/\/mymobilebooster.com\/forum\/wp-json\/wp\/v2\/posts\/4748"}],"collection":[{"href":"http:\/\/mymobilebooster.com\/forum\/wp-json\/wp\/v2\/posts"}],"about":[{"href":"http:\/\/mymobilebooster.com\/forum\/wp-json\/wp\/v2\/types\/post"}],"author":[{"embeddable":true,"href":"http:\/\/mymobilebooster.com\/forum\/wp-json\/wp\/v2\/users\/1"}],"replies":[{"embeddable":true,"href":"http:\/\/mymobilebooster.com\/forum\/wp-json\/wp\/v2\/comments?post=4748"}],"version-history":[{"count":1,"href":"http:\/\/mymobilebooster.com\/forum\/wp-json\/wp\/v2\/posts\/4748\/revisions"}],"predecessor-version":[{"id":4749,"href":"http:\/\/mymobilebooster.com\/forum\/wp-json\/wp\/v2\/posts\/4748\/revisions\/4749"}],"wp:attachment":[{"href":"http:\/\/mymobilebooster.com\/forum\/wp-json\/wp\/v2\/media?parent=4748"}],"wp:term":[{"taxonomy":"category","embeddable":true,"href":"http:\/\/mymobilebooster.com\/forum\/wp-json\/wp\/v2\/categories?post=4748"},{"taxonomy":"post_tag","embeddable":true,"href":"http:\/\/mymobilebooster.com\/forum\/wp-json\/wp\/v2\/tags?post=4748"}],"curies":[{"name":"wp","href":"https:\/\/api.w.org\/{rel}","templated":true}]}}