{"id":945,"date":"2020-09-20T09:22:09","date_gmt":"2020-09-20T09:22:09","guid":{"rendered":"http:\/\/mymobilebooster.com\/forum\/?p=945"},"modified":"2020-09-19T08:26:10","modified_gmt":"2020-09-19T08:26:10","slug":"premiere-rencontre-hardy","status":"publish","type":"post","link":"http:\/\/mymobilebooster.com\/forum\/2020\/09\/20\/premiere-rencontre-hardy\/","title":{"rendered":"Premi\u00e8re Rencontre Hardy"},"content":{"rendered":"<p><img decoding=\"async\" src=\"http:\/\/erikdoorme.be\/chateau\/img669058.jpg\" alt=\"premi\u00e8re rencontre hardy\" align=\"right\"> Le Bulletin officiel sp\u00e9cial n11 du 26 novembre 2015 est consacr\u00e9 aux programmes denseignement de l\u00e9cole \u00e9l\u00e9mentaire et du coll\u00e8ge. Moi personnellement je me passerais tr\u00e8s bien de faire de la sc\u00e8ne. Si je ne pouvais faire que des disques je serais ravie, enchant\u00e9e.  Puis, elle apprend par les journaux quune maison de disques souhaite auditionner de jeunes chanteurs et chanteuses. Elle sy rend et malgr\u00e9 l\u00e9chec, se rend compte quelle peut esp\u00e9rer se pr\u00e9senter ailleurs. Cest en fait au bout de trois auditions et quelques cours de solf\u00e8ge, que Fran\u00e7oise Hardy signe un contrat avec la maison de disques Vogue, le 14 novembre 1961 \u00e0 l\u00e2ge de 17 ans. C\u00e9tait quand m\u00eame un truc Je volais, litt\u00e9ralement! C\u00e9tait une sorte de r\u00eave de pouvoir faire un film sur Mozart. \u00c7a ma aussi \u00e9videmment donn\u00e9 une porte dentr\u00e9e extraordinaire, car le monde du montage n\u00e9tait pas si ouvert que \u00e7a. Vivre 9 mois dans les studios de Billancourt, \u00e7a permet de croiser des gens, de se faire conna\u00eetre. <img decoding=\"async\" src=\"http:\/\/img.allformusic.fr\/pochette\/300\/f\/francoise-hardy\/story-1965-67-compil.jpg\" alt=\"premi\u00e8re rencontre hardy\" align=\"right\"> N\u00e9e en 1993. Actrice et chanteuse, \u00e9tudiante au. Fran\u00e7oise: Sinon, plus globalement, la chanson reste un exutoire. La vie personnelle dun auteur se lit dans ses textes.  <img decoding=\"async\" src=\"http:\/\/www.grant.savantbiz.com\/IMG\/jpg\/pj2_-_rapport_financier-r180.jpg\" alt=\"premi\u00e8re rencontre hardy\" align=\"left\">  Les Dragons dominent \u00e0 nouveau le jeu, mais une nouvelle p\u00e9nalit\u00e9 les sanctionne \u00e0 la 46\u00e8me. Ethec : Une moto \u00e9lectrique dexception con\u00e7ue par des \u00e9tudiants 11-08-2018 27 janvier 1989 : Du c\u00f4t\u00e9 de chez Fred, r\u00e9alisation : Michel Hermant, Fran\u00e7oise Hardy est interrog\u00e9e par, Antenne 2. Interview : Fran\u00e7oise Hardy Arriv\u00e9e \u00e0 l\u00e2ge que jai.. 21 avril 1966 : de Fran\u00e7oise Hardy, pr\u00e9sent\u00e9 par, r\u00e9alis\u00e9 par, ORTF. 10 juillet 1967 : Magazine f\u00e9minin, production :, Fran\u00e7oise Hardy est interrog\u00e9e par, 2 e cha\u00eene de lORTF. Publi\u00e9e le 21 septembre 2019 \u00e0 09:14 PM Dispo 30j Sylvie Vartan: A nos d\u00e9buts, on se voyait souvent, puisque Jean-Marie P\u00e9rier nous r\u00e9unissait. Avec Sheila, par exemple, on a pos\u00e9 pour une photo mythique d\u00e9guis\u00e9es en B\u00e9cassine. Mais je connais mieux Fran\u00e7oise. Elle se pr\u00e9sente ensuite chez les disques, un qui poss\u00e8de dans son catalogue et qui souhaite trouver son pendant f\u00e9minin. Int\u00e9ress\u00e9 par son style, le responsable des auditions linvite \u00e0 se perfectionner et lui donne des cours de. Quelques mois apr\u00e8s, le 14 novembre, le directeur artistique de Vogue lui fait signer un contrat.<\/p>\n","protected":false},"excerpt":{"rendered":"<p>premi\u00e8re rencontre hardy<\/p>\n","protected":false},"author":1,"featured_media":0,"comment_status":"closed","ping_status":"closed","sticky":false,"template":"","format":"standard","meta":{"footnotes":""},"categories":[1],"tags":[],"_links":{"self":[{"href":"http:\/\/mymobilebooster.com\/forum\/wp-json\/wp\/v2\/posts\/945"}],"collection":[{"href":"http:\/\/mymobilebooster.com\/forum\/wp-json\/wp\/v2\/posts"}],"about":[{"href":"http:\/\/mymobilebooster.com\/forum\/wp-json\/wp\/v2\/types\/post"}],"author":[{"embeddable":true,"href":"http:\/\/mymobilebooster.com\/forum\/wp-json\/wp\/v2\/users\/1"}],"replies":[{"embeddable":true,"href":"http:\/\/mymobilebooster.com\/forum\/wp-json\/wp\/v2\/comments?post=945"}],"version-history":[{"count":1,"href":"http:\/\/mymobilebooster.com\/forum\/wp-json\/wp\/v2\/posts\/945\/revisions"}],"predecessor-version":[{"id":946,"href":"http:\/\/mymobilebooster.com\/forum\/wp-json\/wp\/v2\/posts\/945\/revisions\/946"}],"wp:attachment":[{"href":"http:\/\/mymobilebooster.com\/forum\/wp-json\/wp\/v2\/media?parent=945"}],"wp:term":[{"taxonomy":"category","embeddable":true,"href":"http:\/\/mymobilebooster.com\/forum\/wp-json\/wp\/v2\/categories?post=945"},{"taxonomy":"post_tag","embeddable":true,"href":"http:\/\/mymobilebooster.com\/forum\/wp-json\/wp\/v2\/tags?post=945"}],"curies":[{"name":"wp","href":"https:\/\/api.w.org\/{rel}","templated":true}]}}